{"id":899,"date":"2019-10-21T16:53:46","date_gmt":"2019-10-21T14:53:46","guid":{"rendered":"https:\/\/www.hecht.de\/hechtnews\/?p=899"},"modified":"2019-10-21T16:53:46","modified_gmt":"2019-10-21T14:53:46","slug":"50-jahre-jubilaeumsfeier","status":"publish","type":"post","link":"https:\/\/www.hecht.de\/hechtnews\/2019\/10\/21\/50-jahre-jubilaeumsfeier\/","title":{"rendered":"50 Jahre Jubil\u00e4umsfeier"},"content":{"rendered":"\n<p>am vergangenen Samstag, 19.10.2019 feierten wir in unserem T\u00fcbinger Altstadthaus mit ca. 400 G\u00e4sten und Partnern &#8220; 50 Jahre hecht einrichtungen&#8220;. Es war ein grandioses Fest mit zahlreichen \u00dcberraschungen. Anbei ein paar Impressionen \u00fcber den Tag verteilt. <\/p>\n\n\n\n<ul class=\"wp-block-gallery columns-3 is-cropped\"><li class=\"blocks-gallery-item\"><figure><img loading=\"lazy\" width=\"768\" height=\"1024\" src=\"https:\/\/www.hecht.de\/hechtnews\/wp-content\/uploads\/2019\/10\/7890df9b-b4be-463b-bfbb-baf79ebe7e7a-768x1024.jpg\" alt=\"\" data-id=\"900\" data-link=\"https:\/\/www.hecht.de\/hechtnews\/7890df9b-b4be-463b-bfbb-baf79ebe7e7a\/\" class=\"wp-image-900\" srcset=\"https:\/\/www.hecht.de\/hechtnews\/wp-content\/uploads\/2019\/10\/7890df9b-b4be-463b-bfbb-baf79ebe7e7a-768x1024.jpg 768w, https:\/\/www.hecht.de\/hechtnews\/wp-content\/uploads\/2019\/10\/7890df9b-b4be-463b-bfbb-baf79ebe7e7a-225x300.jpg 225w, https:\/\/www.hecht.de\/hechtnews\/wp-content\/uploads\/2019\/10\/7890df9b-b4be-463b-bfbb-baf79ebe7e7a.jpg 1200w\" sizes=\"(max-width: 768px) 100vw, 768px\" \/><figcaption>50 Jahre hecht einrichtungen Sonderausstellung Ingo Maurer<\/figcaption><\/figure><\/li><li class=\"blocks-gallery-item\"><figure><img loading=\"lazy\" width=\"1024\" height=\"768\" src=\"https:\/\/www.hecht.de\/hechtnews\/wp-content\/uploads\/2019\/10\/IMG_0974-1024x768.jpg\" alt=\"\" data-id=\"902\" data-link=\"https:\/\/www.hecht.de\/hechtnews\/img_0974\/\" class=\"wp-image-902\" srcset=\"https:\/\/www.hecht.de\/hechtnews\/wp-content\/uploads\/2019\/10\/IMG_0974-1024x768.jpg 1024w, https:\/\/www.hecht.de\/hechtnews\/wp-content\/uploads\/2019\/10\/IMG_0974-300x225.jpg 300w, https:\/\/www.hecht.de\/hechtnews\/wp-content\/uploads\/2019\/10\/IMG_0974-768x576.jpg 768w, https:\/\/www.hecht.de\/hechtnews\/wp-content\/uploads\/2019\/10\/IMG_0974.jpg 2016w\" sizes=\"(max-width: 1024px) 100vw, 1024px\" \/><figcaption>50 Jahre hecht einrichtungen Sonderausstellung Ingo Maurer<\/figcaption><\/figure><\/li><li class=\"blocks-gallery-item\"><figure><img loading=\"lazy\" width=\"1024\" height=\"768\" src=\"https:\/\/www.hecht.de\/hechtnews\/wp-content\/uploads\/2019\/10\/IMG_0985-e1571668629221-1024x768.jpg\" alt=\"\" data-id=\"903\" data-link=\"https:\/\/www.hecht.de\/hechtnews\/img_0985\/\" class=\"wp-image-903\" srcset=\"https:\/\/www.hecht.de\/hechtnews\/wp-content\/uploads\/2019\/10\/IMG_0985-e1571668629221-1024x768.jpg 1024w, https:\/\/www.hecht.de\/hechtnews\/wp-content\/uploads\/2019\/10\/IMG_0985-e1571668629221-300x225.jpg 300w, https:\/\/www.hecht.de\/hechtnews\/wp-content\/uploads\/2019\/10\/IMG_0985-e1571668629221-768x576.jpg 768w, https:\/\/www.hecht.de\/hechtnews\/wp-content\/uploads\/2019\/10\/IMG_0985-e1571668629221.jpg 2016w\" sizes=\"(max-width: 1024px) 100vw, 1024px\" \/><figcaption>50 Jahre hecht einrichtungen Sonderausstellung Ingo Maurer<\/figcaption><\/figure><\/li><li class=\"blocks-gallery-item\"><figure><img loading=\"lazy\" width=\"768\" height=\"1024\" src=\"https:\/\/www.hecht.de\/hechtnews\/wp-content\/uploads\/2019\/10\/IMG_0986-e1571668642948-768x1024.jpg\" alt=\"\" data-id=\"904\" data-link=\"https:\/\/www.hecht.de\/hechtnews\/img_0986\/\" class=\"wp-image-904\" srcset=\"https:\/\/www.hecht.de\/hechtnews\/wp-content\/uploads\/2019\/10\/IMG_0986-e1571668642948-768x1024.jpg 768w, https:\/\/www.hecht.de\/hechtnews\/wp-content\/uploads\/2019\/10\/IMG_0986-e1571668642948-225x300.jpg 225w, https:\/\/www.hecht.de\/hechtnews\/wp-content\/uploads\/2019\/10\/IMG_0986-e1571668642948.jpg 1512w\" sizes=\"(max-width: 768px) 100vw, 768px\" \/><figcaption>50 Jahre hecht einrichtungen T\u00fcbingen Lampen und M\u00f6bel <\/figcaption><\/figure><\/li><li class=\"blocks-gallery-item\"><figure><img loading=\"lazy\" width=\"768\" height=\"1024\" src=\"https:\/\/www.hecht.de\/hechtnews\/wp-content\/uploads\/2019\/10\/IMG_0988-e1571668652844-768x1024.jpg\" alt=\"\" data-id=\"905\" data-link=\"https:\/\/www.hecht.de\/hechtnews\/img_0988\/\" class=\"wp-image-905\" srcset=\"https:\/\/www.hecht.de\/hechtnews\/wp-content\/uploads\/2019\/10\/IMG_0988-e1571668652844-768x1024.jpg 768w, https:\/\/www.hecht.de\/hechtnews\/wp-content\/uploads\/2019\/10\/IMG_0988-e1571668652844-225x300.jpg 225w, https:\/\/www.hecht.de\/hechtnews\/wp-content\/uploads\/2019\/10\/IMG_0988-e1571668652844.jpg 1512w\" sizes=\"(max-width: 768px) 100vw, 768px\" \/><figcaption>50 Jahre hecht einrichtungen T\u00fcbingen Lampen und M\u00f6bel <\/figcaption><\/figure><\/li><li class=\"blocks-gallery-item\"><figure><img loading=\"lazy\" width=\"768\" height=\"1024\" src=\"https:\/\/www.hecht.de\/hechtnews\/wp-content\/uploads\/2019\/10\/IMG_0993-e1571668683242-768x1024.jpg\" alt=\"\" data-id=\"906\" data-link=\"https:\/\/www.hecht.de\/hechtnews\/img_0993\/\" class=\"wp-image-906\" srcset=\"https:\/\/www.hecht.de\/hechtnews\/wp-content\/uploads\/2019\/10\/IMG_0993-e1571668683242-768x1024.jpg 768w, https:\/\/www.hecht.de\/hechtnews\/wp-content\/uploads\/2019\/10\/IMG_0993-e1571668683242-225x300.jpg 225w, https:\/\/www.hecht.de\/hechtnews\/wp-content\/uploads\/2019\/10\/IMG_0993-e1571668683242.jpg 1512w\" sizes=\"(max-width: 768px) 100vw, 768px\" \/><figcaption>50 Jahre hecht einrichtungen T\u00fcbingen Lampen und M\u00f6bel <\/figcaption><\/figure><\/li><li class=\"blocks-gallery-item\"><figure><img loading=\"lazy\" width=\"1024\" height=\"768\" src=\"https:\/\/www.hecht.de\/hechtnews\/wp-content\/uploads\/2019\/10\/IMG_0997-1024x768.jpg\" alt=\"\" data-id=\"907\" data-link=\"https:\/\/www.hecht.de\/hechtnews\/img_0997\/\" class=\"wp-image-907\" srcset=\"https:\/\/www.hecht.de\/hechtnews\/wp-content\/uploads\/2019\/10\/IMG_0997-1024x768.jpg 1024w, https:\/\/www.hecht.de\/hechtnews\/wp-content\/uploads\/2019\/10\/IMG_0997-300x225.jpg 300w, https:\/\/www.hecht.de\/hechtnews\/wp-content\/uploads\/2019\/10\/IMG_0997-768x576.jpg 768w, https:\/\/www.hecht.de\/hechtnews\/wp-content\/uploads\/2019\/10\/IMG_0997.jpg 2016w\" sizes=\"(max-width: 1024px) 100vw, 1024px\" \/><figcaption>50 Jahre hecht einrichtungen &#8211; IHK Ehrung<\/figcaption><\/figure><\/li><li class=\"blocks-gallery-item\"><figure><img loading=\"lazy\" width=\"1024\" height=\"768\" src=\"https:\/\/www.hecht.de\/hechtnews\/wp-content\/uploads\/2019\/10\/IMG_1011-1024x768.jpg\" alt=\"\" data-id=\"909\" data-link=\"https:\/\/www.hecht.de\/hechtnews\/img_1011\/\" class=\"wp-image-909\" srcset=\"https:\/\/www.hecht.de\/hechtnews\/wp-content\/uploads\/2019\/10\/IMG_1011-1024x768.jpg 1024w, https:\/\/www.hecht.de\/hechtnews\/wp-content\/uploads\/2019\/10\/IMG_1011-300x225.jpg 300w, https:\/\/www.hecht.de\/hechtnews\/wp-content\/uploads\/2019\/10\/IMG_1011-768x576.jpg 768w, https:\/\/www.hecht.de\/hechtnews\/wp-content\/uploads\/2019\/10\/IMG_1011.jpg 2016w\" sizes=\"(max-width: 1024px) 100vw, 1024px\" \/><figcaption>50 Jahre hecht einrichtungen mit Steffen Schmidt Creative Inneneinrichter<\/figcaption><\/figure><\/li><li class=\"blocks-gallery-item\"><figure><img loading=\"lazy\" width=\"768\" height=\"1024\" src=\"https:\/\/www.hecht.de\/hechtnews\/wp-content\/uploads\/2019\/10\/IMG_1005-e1571668691215-768x1024.jpg\" alt=\"\" data-id=\"908\" data-link=\"https:\/\/www.hecht.de\/hechtnews\/img_1005\/\" class=\"wp-image-908\" srcset=\"https:\/\/www.hecht.de\/hechtnews\/wp-content\/uploads\/2019\/10\/IMG_1005-e1571668691215-768x1024.jpg 768w, https:\/\/www.hecht.de\/hechtnews\/wp-content\/uploads\/2019\/10\/IMG_1005-e1571668691215-225x300.jpg 225w, https:\/\/www.hecht.de\/hechtnews\/wp-content\/uploads\/2019\/10\/IMG_1005-e1571668691215.jpg 1512w\" sizes=\"(max-width: 768px) 100vw, 768px\" \/><figcaption>50 Jahre hecht einrichtungen T\u00fcbingen Ebenbilder &#8211; Lampen und M\u00f6bel <\/figcaption><\/figure><\/li><li class=\"blocks-gallery-item\"><figure><img loading=\"lazy\" width=\"768\" height=\"1024\" src=\"https:\/\/www.hecht.de\/hechtnews\/wp-content\/uploads\/2019\/10\/IMG_1013-e1571668704346-768x1024.jpg\" alt=\"\" data-id=\"910\" data-link=\"https:\/\/www.hecht.de\/hechtnews\/img_1013\/\" class=\"wp-image-910\" srcset=\"https:\/\/www.hecht.de\/hechtnews\/wp-content\/uploads\/2019\/10\/IMG_1013-e1571668704346-768x1024.jpg 768w, https:\/\/www.hecht.de\/hechtnews\/wp-content\/uploads\/2019\/10\/IMG_1013-e1571668704346-225x300.jpg 225w, https:\/\/www.hecht.de\/hechtnews\/wp-content\/uploads\/2019\/10\/IMG_1013-e1571668704346.jpg 1512w\" sizes=\"(max-width: 768px) 100vw, 768px\" \/><figcaption>50 Jahre hecht einrichtungen T\u00fcbingen Ebenbilder &#8211; Lampen und M\u00f6bel <\/figcaption><\/figure><\/li><li class=\"blocks-gallery-item\"><figure><img loading=\"lazy\" width=\"1024\" height=\"768\" src=\"https:\/\/www.hecht.de\/hechtnews\/wp-content\/uploads\/2019\/10\/IMG_1015-1024x768.jpg\" alt=\"\" data-id=\"911\" data-link=\"https:\/\/www.hecht.de\/hechtnews\/img_1015\/\" class=\"wp-image-911\" srcset=\"https:\/\/www.hecht.de\/hechtnews\/wp-content\/uploads\/2019\/10\/IMG_1015-1024x768.jpg 1024w, https:\/\/www.hecht.de\/hechtnews\/wp-content\/uploads\/2019\/10\/IMG_1015-300x225.jpg 300w, https:\/\/www.hecht.de\/hechtnews\/wp-content\/uploads\/2019\/10\/IMG_1015-768x576.jpg 768w, https:\/\/www.hecht.de\/hechtnews\/wp-content\/uploads\/2019\/10\/IMG_1015.jpg 2016w\" sizes=\"(max-width: 1024px) 100vw, 1024px\" \/><figcaption>50 Jahre hecht einrichtungen T\u00fcbingen Ebenbilder &#8211; Lampen und M\u00f6bel <\/figcaption><\/figure><\/li><li class=\"blocks-gallery-item\"><figure><img loading=\"lazy\" width=\"768\" height=\"1024\" src=\"https:\/\/www.hecht.de\/hechtnews\/wp-content\/uploads\/2019\/10\/IMG_1016-e1571668720130-768x1024.jpg\" alt=\"\" data-id=\"912\" data-link=\"https:\/\/www.hecht.de\/hechtnews\/img_1016\/\" class=\"wp-image-912\" srcset=\"https:\/\/www.hecht.de\/hechtnews\/wp-content\/uploads\/2019\/10\/IMG_1016-e1571668720130-768x1024.jpg 768w, https:\/\/www.hecht.de\/hechtnews\/wp-content\/uploads\/2019\/10\/IMG_1016-e1571668720130-225x300.jpg 225w, https:\/\/www.hecht.de\/hechtnews\/wp-content\/uploads\/2019\/10\/IMG_1016-e1571668720130.jpg 1512w\" sizes=\"(max-width: 768px) 100vw, 768px\" \/><figcaption>50 Jahre hecht einrichtungen T\u00fcbingen Lampen und M\u00f6bel <\/figcaption><\/figure><\/li><li class=\"blocks-gallery-item\"><figure><img loading=\"lazy\" width=\"768\" height=\"1024\" src=\"https:\/\/www.hecht.de\/hechtnews\/wp-content\/uploads\/2019\/10\/IMG_1017-e1571668742671-768x1024.jpg\" alt=\"\" data-id=\"913\" data-link=\"https:\/\/www.hecht.de\/hechtnews\/img_1017\/\" class=\"wp-image-913\" srcset=\"https:\/\/www.hecht.de\/hechtnews\/wp-content\/uploads\/2019\/10\/IMG_1017-e1571668742671-768x1024.jpg 768w, https:\/\/www.hecht.de\/hechtnews\/wp-content\/uploads\/2019\/10\/IMG_1017-e1571668742671-225x300.jpg 225w, https:\/\/www.hecht.de\/hechtnews\/wp-content\/uploads\/2019\/10\/IMG_1017-e1571668742671.jpg 1512w\" sizes=\"(max-width: 768px) 100vw, 768px\" \/><figcaption>50 Jahre hecht einrichtungen T\u00fcbingen &#8211; Lampen und M\u00f6bel <\/figcaption><\/figure><\/li><li class=\"blocks-gallery-item\"><figure><img loading=\"lazy\" width=\"768\" height=\"1024\" src=\"https:\/\/www.hecht.de\/hechtnews\/wp-content\/uploads\/2019\/10\/IMG_1019-e1571668755368-768x1024.jpg\" alt=\"\" data-id=\"914\" data-link=\"https:\/\/www.hecht.de\/hechtnews\/img_1019\/\" class=\"wp-image-914\" srcset=\"https:\/\/www.hecht.de\/hechtnews\/wp-content\/uploads\/2019\/10\/IMG_1019-e1571668755368-768x1024.jpg 768w, https:\/\/www.hecht.de\/hechtnews\/wp-content\/uploads\/2019\/10\/IMG_1019-e1571668755368-225x300.jpg 225w, https:\/\/www.hecht.de\/hechtnews\/wp-content\/uploads\/2019\/10\/IMG_1019-e1571668755368.jpg 1512w\" sizes=\"(max-width: 768px) 100vw, 768px\" \/><figcaption>50 Jahre hecht einrichtungen T\u00fcbingen Ebenbilder &#8211; Lampen und M\u00f6bel <\/figcaption><\/figure><\/li><li class=\"blocks-gallery-item\"><figure><img loading=\"lazy\" width=\"768\" height=\"1024\" src=\"https:\/\/www.hecht.de\/hechtnews\/wp-content\/uploads\/2019\/10\/IMG_1023-e1571668763442-768x1024.jpg\" alt=\"\" data-id=\"915\" data-link=\"https:\/\/www.hecht.de\/hechtnews\/img_1023\/\" class=\"wp-image-915\" srcset=\"https:\/\/www.hecht.de\/hechtnews\/wp-content\/uploads\/2019\/10\/IMG_1023-e1571668763442-768x1024.jpg 768w, https:\/\/www.hecht.de\/hechtnews\/wp-content\/uploads\/2019\/10\/IMG_1023-e1571668763442-225x300.jpg 225w, https:\/\/www.hecht.de\/hechtnews\/wp-content\/uploads\/2019\/10\/IMG_1023-e1571668763442.jpg 1512w\" sizes=\"(max-width: 768px) 100vw, 768px\" \/><figcaption>Ingo Maurer Versteigerung f\u00fcr einen guten Zweck<\/figcaption><\/figure><\/li><li class=\"blocks-gallery-item\"><figure><img loading=\"lazy\" width=\"768\" height=\"1024\" src=\"https:\/\/www.hecht.de\/hechtnews\/wp-content\/uploads\/2019\/10\/IMG_1025-e1571668772873-768x1024.jpg\" alt=\"\" data-id=\"916\" data-link=\"https:\/\/www.hecht.de\/hechtnews\/img_1025\/\" class=\"wp-image-916\" srcset=\"https:\/\/www.hecht.de\/hechtnews\/wp-content\/uploads\/2019\/10\/IMG_1025-e1571668772873-768x1024.jpg 768w, https:\/\/www.hecht.de\/hechtnews\/wp-content\/uploads\/2019\/10\/IMG_1025-e1571668772873-225x300.jpg 225w, https:\/\/www.hecht.de\/hechtnews\/wp-content\/uploads\/2019\/10\/IMG_1025-e1571668772873.jpg 1512w\" sizes=\"(max-width: 768px) 100vw, 768px\" \/><figcaption>50 Jahre hecht einrichtungen T\u00fcbingen  Lampen und M\u00f6bel <\/figcaption><\/figure><\/li><\/ul>\n","protected":false},"excerpt":{"rendered":"<p>am vergangenen Samstag, 19.10.2019 feierten wir in unserem T\u00fcbinger Altstadthaus mit ca. 400 G\u00e4sten und Partnern &#8220; 50 Jahre hecht einrichtungen&#8220;. Es war ein grandioses Fest mit zahlreichen \u00dcberraschungen. Anbei ein paar Impressionen \u00fcber den Tag verteilt.<\/p>\n","protected":false},"author":2,"featured_media":901,"comment_status":"closed","ping_status":"closed","sticky":false,"template":"","format":"standard","meta":[],"categories":[1],"tags":[],"_links":{"self":[{"href":"https:\/\/www.hecht.de\/hechtnews\/wp-json\/wp\/v2\/posts\/899"}],"collection":[{"href":"https:\/\/www.hecht.de\/hechtnews\/wp-json\/wp\/v2\/posts"}],"about":[{"href":"https:\/\/www.hecht.de\/hechtnews\/wp-json\/wp\/v2\/types\/post"}],"author":[{"embeddable":true,"href":"https:\/\/www.hecht.de\/hechtnews\/wp-json\/wp\/v2\/users\/2"}],"replies":[{"embeddable":true,"href":"https:\/\/www.hecht.de\/hechtnews\/wp-json\/wp\/v2\/comments?post=899"}],"version-history":[{"count":1,"href":"https:\/\/www.hecht.de\/hechtnews\/wp-json\/wp\/v2\/posts\/899\/revisions"}],"predecessor-version":[{"id":917,"href":"https:\/\/www.hecht.de\/hechtnews\/wp-json\/wp\/v2\/posts\/899\/revisions\/917"}],"wp:featuredmedia":[{"embeddable":true,"href":"https:\/\/www.hecht.de\/hechtnews\/wp-json\/wp\/v2\/media\/901"}],"wp:attachment":[{"href":"https:\/\/www.hecht.de\/hechtnews\/wp-json\/wp\/v2\/media?parent=899"}],"wp:term":[{"taxonomy":"category","embeddable":true,"href":"https:\/\/www.hecht.de\/hechtnews\/wp-json\/wp\/v2\/categories?post=899"},{"taxonomy":"post_tag","embeddable":true,"href":"https:\/\/www.hecht.de\/hechtnews\/wp-json\/wp\/v2\/tags?post=899"}],"curies":[{"name":"wp","href":"https:\/\/api.w.org\/{rel}","templated":true}]}}