{"id":870,"date":"2019-08-02T15:08:39","date_gmt":"2019-08-02T13:08:39","guid":{"rendered":"https:\/\/www.hecht.de\/hechtnews\/?p=870"},"modified":"2020-03-25T13:07:51","modified_gmt":"2020-03-25T12:07:51","slug":"50-jahre-hecht-einrichtungen","status":"publish","type":"post","link":"https:\/\/www.hecht.de\/hechtnews\/2019\/08\/02\/50-jahre-hecht-einrichtungen\/","title":{"rendered":"50 Jahre hecht einrichtungen"},"content":{"rendered":"\n<p>Eine gro\u00dfe \u00dcberraschung war es, als unsere Mitarbeiter einen speziellen Kuchen der Familie \u00fcberreicht haben. Anbei einige Impressionen. <\/p>\n\n\n\n<ul class=\"wp-block-gallery columns-3 is-cropped\"><li class=\"blocks-gallery-item\"><figure><img loading=\"lazy\" width=\"1024\" height=\"768\" src=\"https:\/\/www.hecht.de\/hechtnews\/wp-content\/uploads\/2019\/08\/3df28082-1c6c-46cc-8505-3a0e66f2adcf-1024x768.jpg\" alt=\"\" data-id=\"871\" data-link=\"https:\/\/www.hecht.de\/hechtnews\/?attachment_id=871\" class=\"wp-image-871\" srcset=\"https:\/\/www.hecht.de\/hechtnews\/wp-content\/uploads\/2019\/08\/3df28082-1c6c-46cc-8505-3a0e66f2adcf.jpg 1024w, https:\/\/www.hecht.de\/hechtnews\/wp-content\/uploads\/2019\/08\/3df28082-1c6c-46cc-8505-3a0e66f2adcf-300x225.jpg 300w, https:\/\/www.hecht.de\/hechtnews\/wp-content\/uploads\/2019\/08\/3df28082-1c6c-46cc-8505-3a0e66f2adcf-768x576.jpg 768w\" sizes=\"(max-width: 1024px) 100vw, 1024px\" \/><\/figure><\/li><li class=\"blocks-gallery-item\"><figure><img loading=\"lazy\" width=\"1024\" height=\"768\" src=\"https:\/\/www.hecht.de\/hechtnews\/wp-content\/uploads\/2019\/08\/f1488f2a-7eee-41f9-881d-d2b0276a8240-1024x768.jpg\" alt=\"\" data-id=\"873\" data-link=\"https:\/\/www.hecht.de\/hechtnews\/f1488f2a-7eee-41f9-881d-d2b0276a8240\/\" class=\"wp-image-873\" srcset=\"https:\/\/www.hecht.de\/hechtnews\/wp-content\/uploads\/2019\/08\/f1488f2a-7eee-41f9-881d-d2b0276a8240.jpg 1024w, https:\/\/www.hecht.de\/hechtnews\/wp-content\/uploads\/2019\/08\/f1488f2a-7eee-41f9-881d-d2b0276a8240-300x225.jpg 300w, https:\/\/www.hecht.de\/hechtnews\/wp-content\/uploads\/2019\/08\/f1488f2a-7eee-41f9-881d-d2b0276a8240-768x576.jpg 768w\" sizes=\"(max-width: 1024px) 100vw, 1024px\" \/><\/figure><\/li><li class=\"blocks-gallery-item\"><figure><img loading=\"lazy\" width=\"1024\" height=\"768\" src=\"https:\/\/www.hecht.de\/hechtnews\/wp-content\/uploads\/2019\/08\/IMG_8959-e1564750986721-1024x768.jpg\" alt=\"\" data-id=\"872\" data-link=\"https:\/\/www.hecht.de\/hechtnews\/?attachment_id=872\" class=\"wp-image-872\" srcset=\"https:\/\/www.hecht.de\/hechtnews\/wp-content\/uploads\/2019\/08\/IMG_8959-e1564750986721-1024x768.jpg 1024w, https:\/\/www.hecht.de\/hechtnews\/wp-content\/uploads\/2019\/08\/IMG_8959-e1564750986721-300x225.jpg 300w, https:\/\/www.hecht.de\/hechtnews\/wp-content\/uploads\/2019\/08\/IMG_8959-e1564750986721-768x576.jpg 768w, https:\/\/www.hecht.de\/hechtnews\/wp-content\/uploads\/2019\/08\/IMG_8959-e1564750986721.jpg 2016w\" sizes=\"(max-width: 1024px) 100vw, 1024px\" \/><\/figure><\/li><\/ul>\n\n\n\n<p>Offiziell werden wir am Samstag, 19.10.2019 von 10\u00b0\u00b0-20\u00b0\u00b0 Uhr in T\u00fcbingen in der Collegiumsgasse 1 feiern. Gerne kann man sich schon direkt unter der Mailadresse 50jahre@hecht.de anmelden. <\/p>\n","protected":false},"excerpt":{"rendered":"<p>Eine gro\u00dfe \u00dcberraschung war es, als unsere Mitarbeiter einen speziellen Kuchen der Familie \u00fcberreicht haben. Anbei einige Impressionen. Offiziell werden wir am Samstag, 19.10.2019 von 10\u00b0\u00b0-20\u00b0\u00b0 Uhr in T\u00fcbingen in der Collegiumsgasse 1 feiern. Gerne kann man sich schon direkt unter der Mailadresse 50jahre@hecht.de anmelden.<\/p>\n","protected":false},"author":2,"featured_media":871,"comment_status":"closed","ping_status":"closed","sticky":false,"template":"","format":"standard","meta":[],"categories":[139],"tags":[88,90,8,19,27,28,57,12],"_links":{"self":[{"href":"https:\/\/www.hecht.de\/hechtnews\/wp-json\/wp\/v2\/posts\/870"}],"collection":[{"href":"https:\/\/www.hecht.de\/hechtnews\/wp-json\/wp\/v2\/posts"}],"about":[{"href":"https:\/\/www.hecht.de\/hechtnews\/wp-json\/wp\/v2\/types\/post"}],"author":[{"embeddable":true,"href":"https:\/\/www.hecht.de\/hechtnews\/wp-json\/wp\/v2\/users\/2"}],"replies":[{"embeddable":true,"href":"https:\/\/www.hecht.de\/hechtnews\/wp-json\/wp\/v2\/comments?post=870"}],"version-history":[{"count":1,"href":"https:\/\/www.hecht.de\/hechtnews\/wp-json\/wp\/v2\/posts\/870\/revisions"}],"predecessor-version":[{"id":874,"href":"https:\/\/www.hecht.de\/hechtnews\/wp-json\/wp\/v2\/posts\/870\/revisions\/874"}],"wp:featuredmedia":[{"embeddable":true,"href":"https:\/\/www.hecht.de\/hechtnews\/wp-json\/wp\/v2\/media\/871"}],"wp:attachment":[{"href":"https:\/\/www.hecht.de\/hechtnews\/wp-json\/wp\/v2\/media?parent=870"}],"wp:term":[{"taxonomy":"category","embeddable":true,"href":"https:\/\/www.hecht.de\/hechtnews\/wp-json\/wp\/v2\/categories?post=870"},{"taxonomy":"post_tag","embeddable":true,"href":"https:\/\/www.hecht.de\/hechtnews\/wp-json\/wp\/v2\/tags?post=870"}],"curies":[{"name":"wp","href":"https:\/\/api.w.org\/{rel}","templated":true}]}}