{"id":867,"date":"2019-07-20T09:39:06","date_gmt":"2019-07-20T07:39:06","guid":{"rendered":"https:\/\/www.hecht.de\/hechtnews\/?p=867"},"modified":"2019-07-20T09:39:06","modified_gmt":"2019-07-20T07:39:06","slug":"aeffle-und-pferdle","status":"publish","type":"post","link":"https:\/\/www.hecht.de\/hechtnews\/2019\/07\/20\/aeffle-und-pferdle\/","title":{"rendered":"\u00c4ffle und Pferdle"},"content":{"rendered":"\n<p>Die Landesschau mit dem \u00c4ffle &amp; Pferdle in T\u00fcbingen und bei uns zu Gast &#8211; hecht einrichtungen T\u00fcbingen. <\/p>\n\n\n\n<p>Vielen Dank an alle Beteiligten und vor allem an SWR f\u00fcr die coole Geschichte in T\u00fcbingen. <\/p>\n\n\n\n<figure class=\"wp-block-embed-youtube wp-block-embed is-type-video is-provider-youtube wp-embed-aspect-16-9 wp-has-aspect-ratio\"><div class=\"wp-block-embed__wrapper\">\n<iframe loading=\"lazy\" width=\"869\" height=\"489\" src=\"https:\/\/www.youtube.com\/embed\/gLHgI5_lmPo?feature=oembed\" frameborder=\"0\" allow=\"accelerometer; autoplay; encrypted-media; gyroscope; picture-in-picture\" allowfullscreen><\/iframe>\n<\/div><\/figure>\n","protected":false},"excerpt":{"rendered":"<p>Die Landesschau mit dem \u00c4ffle &amp; Pferdle in T\u00fcbingen und bei uns zu Gast &#8211; hecht einrichtungen T\u00fcbingen. Vielen Dank an alle Beteiligten und vor allem an SWR f\u00fcr die coole Geschichte in T\u00fcbingen.<\/p>\n","protected":false},"author":2,"featured_media":869,"comment_status":"closed","ping_status":"closed","sticky":false,"template":"","format":"standard","meta":[],"categories":[1],"tags":[],"_links":{"self":[{"href":"https:\/\/www.hecht.de\/hechtnews\/wp-json\/wp\/v2\/posts\/867"}],"collection":[{"href":"https:\/\/www.hecht.de\/hechtnews\/wp-json\/wp\/v2\/posts"}],"about":[{"href":"https:\/\/www.hecht.de\/hechtnews\/wp-json\/wp\/v2\/types\/post"}],"author":[{"embeddable":true,"href":"https:\/\/www.hecht.de\/hechtnews\/wp-json\/wp\/v2\/users\/2"}],"replies":[{"embeddable":true,"href":"https:\/\/www.hecht.de\/hechtnews\/wp-json\/wp\/v2\/comments?post=867"}],"version-history":[{"count":1,"href":"https:\/\/www.hecht.de\/hechtnews\/wp-json\/wp\/v2\/posts\/867\/revisions"}],"predecessor-version":[{"id":868,"href":"https:\/\/www.hecht.de\/hechtnews\/wp-json\/wp\/v2\/posts\/867\/revisions\/868"}],"wp:featuredmedia":[{"embeddable":true,"href":"https:\/\/www.hecht.de\/hechtnews\/wp-json\/wp\/v2\/media\/869"}],"wp:attachment":[{"href":"https:\/\/www.hecht.de\/hechtnews\/wp-json\/wp\/v2\/media?parent=867"}],"wp:term":[{"taxonomy":"category","embeddable":true,"href":"https:\/\/www.hecht.de\/hechtnews\/wp-json\/wp\/v2\/categories?post=867"},{"taxonomy":"post_tag","embeddable":true,"href":"https:\/\/www.hecht.de\/hechtnews\/wp-json\/wp\/v2\/tags?post=867"}],"curies":[{"name":"wp","href":"https:\/\/api.w.org\/{rel}","templated":true}]}}