{"id":796,"date":"2020-02-25T13:55:49","date_gmt":"2020-02-25T12:55:49","guid":{"rendered":"https:\/\/www.hecht.de\/hechtnews\/?p=796"},"modified":"2020-03-28T13:03:12","modified_gmt":"2020-03-28T12:03:12","slug":"unser-artikel-ueber-die-led-technik-auf-der-seite-unseres-verbandes-der-creativen-inneneinrichter","status":"publish","type":"post","link":"https:\/\/www.hecht.de\/hechtnews\/2020\/02\/25\/unser-artikel-ueber-die-led-technik-auf-der-seite-unseres-verbandes-der-creativen-inneneinrichter\/","title":{"rendered":"Artikel \u00fcber die LED Technik"},"content":{"rendered":"\n<p>Die freie Redakteurin Catherine Hug hat mich pers\u00f6nlich gefragt, ob ich nicht zum Thema LED Technik ein Interview geben m\u00f6chte. Das habe ich sehr gerne getan. Einer der wichtigsten Punkte ist es, sich zuhause wohlf\u00fchlen, das Thema Licht wird hier leider untersch\u00e4tzt. Denn es ist wichtiger denn je. Anbei nun auch der Link zu dem Artikel. <\/p>\n\n\n\n<p>Hier klicken Sie auf den Link <a rel=\"noreferrer noopener\" aria-label=\"Designkatalog CI-Verband (\u00f6ffnet in neuem Tab)\" href=\"https:\/\/designkatalog.com\/magazin\/legen-sie-den-schalter-um\/\" target=\"_blank\">Designkatalog CI-Verband<\/a><\/p>\n\n\n\n<p><br><\/p>\n\n\n\n<ul class=\"wp-block-gallery columns-3 is-cropped\"><li class=\"blocks-gallery-item\"><figure><img loading=\"lazy\" width=\"1024\" height=\"826\" src=\"https:\/\/www.hecht.de\/hechtnews\/wp-content\/uploads\/2020\/03\/Bildschirmfoto-2020-03-24-um-09.25.27-1024x826.png\" alt=\"\" data-id=\"1178\" data-link=\"https:\/\/www.hecht.de\/hechtnews\/2020\/03\/25\/akkuleuchten-bei-hecht\/bildschirmfoto-2020-03-24-um-09-25-27\/\" class=\"wp-image-1178\" srcset=\"https:\/\/www.hecht.de\/hechtnews\/wp-content\/uploads\/2020\/03\/Bildschirmfoto-2020-03-24-um-09.25.27-1024x826.png 1024w, https:\/\/www.hecht.de\/hechtnews\/wp-content\/uploads\/2020\/03\/Bildschirmfoto-2020-03-24-um-09.25.27-300x242.png 300w, https:\/\/www.hecht.de\/hechtnews\/wp-content\/uploads\/2020\/03\/Bildschirmfoto-2020-03-24-um-09.25.27-768x620.png 768w, https:\/\/www.hecht.de\/hechtnews\/wp-content\/uploads\/2020\/03\/Bildschirmfoto-2020-03-24-um-09.25.27.png 1544w\" sizes=\"(max-width: 1024px) 100vw, 1024px\" \/><figcaption>LED Beleuchtung hecht <\/figcaption><\/figure><\/li><li class=\"blocks-gallery-item\"><figure><img loading=\"lazy\" width=\"884\" height=\"882\" src=\"https:\/\/www.hecht.de\/hechtnews\/wp-content\/uploads\/2020\/03\/Bildschirmfoto-2020-03-19-um-15.10.38.png\" alt=\"\" data-id=\"1080\" data-link=\"https:\/\/www.hecht.de\/hechtnews\/2020\/03\/19\/online-bestellen-direkt-liefern__trashed\/bildschirmfoto-2020-03-19-um-15-10-38\/\" class=\"wp-image-1080\" srcset=\"https:\/\/www.hecht.de\/hechtnews\/wp-content\/uploads\/2020\/03\/Bildschirmfoto-2020-03-19-um-15.10.38.png 884w, https:\/\/www.hecht.de\/hechtnews\/wp-content\/uploads\/2020\/03\/Bildschirmfoto-2020-03-19-um-15.10.38-150x150.png 150w, https:\/\/www.hecht.de\/hechtnews\/wp-content\/uploads\/2020\/03\/Bildschirmfoto-2020-03-19-um-15.10.38-300x300.png 300w, https:\/\/www.hecht.de\/hechtnews\/wp-content\/uploads\/2020\/03\/Bildschirmfoto-2020-03-19-um-15.10.38-768x766.png 768w\" sizes=\"(max-width: 884px) 100vw, 884px\" \/><figcaption>LED Beleuchtung hecht <\/figcaption><\/figure><\/li><li class=\"blocks-gallery-item\"><figure><img loading=\"lazy\" width=\"1024\" height=\"765\" src=\"https:\/\/www.hecht.de\/hechtnews\/wp-content\/uploads\/2019\/11\/occhio_gallery_designfabrik_kirchentellinsfurt_Axel_Meise39-1024x765.png\" alt=\"\" data-id=\"948\" data-link=\"https:\/\/www.hecht.de\/hechtnews\/2019\/11\/24\/occhio-gallery-by-hecht\/occhio_gallery_designfabrik_kirchentellinsfurt_axel_meise39\/\" class=\"wp-image-948\" srcset=\"https:\/\/www.hecht.de\/hechtnews\/wp-content\/uploads\/2019\/11\/occhio_gallery_designfabrik_kirchentellinsfurt_Axel_Meise39-1024x765.png 1024w, https:\/\/www.hecht.de\/hechtnews\/wp-content\/uploads\/2019\/11\/occhio_gallery_designfabrik_kirchentellinsfurt_Axel_Meise39-300x224.png 300w, https:\/\/www.hecht.de\/hechtnews\/wp-content\/uploads\/2019\/11\/occhio_gallery_designfabrik_kirchentellinsfurt_Axel_Meise39-768x574.png 768w, https:\/\/www.hecht.de\/hechtnews\/wp-content\/uploads\/2019\/11\/occhio_gallery_designfabrik_kirchentellinsfurt_Axel_Meise39.png 1750w\" sizes=\"(max-width: 1024px) 100vw, 1024px\" \/><figcaption>LED Beleuchtung hecht <\/figcaption><\/figure><\/li><li class=\"blocks-gallery-item\"><figure><img loading=\"lazy\" width=\"1024\" height=\"679\" src=\"https:\/\/www.hecht.de\/hechtnews\/wp-content\/uploads\/2019\/11\/occhio_gallery_designfabrik_kirchentellinsfurt_Axel_Meise17-1024x679.png\" alt=\"\" data-id=\"945\" data-link=\"https:\/\/www.hecht.de\/hechtnews\/2019\/11\/24\/occhio-gallery-by-hecht\/occhio_gallery_designfabrik_kirchentellinsfurt_axel_meise17\/\" class=\"wp-image-945\" srcset=\"https:\/\/www.hecht.de\/hechtnews\/wp-content\/uploads\/2019\/11\/occhio_gallery_designfabrik_kirchentellinsfurt_Axel_Meise17-1024x679.png 1024w, https:\/\/www.hecht.de\/hechtnews\/wp-content\/uploads\/2019\/11\/occhio_gallery_designfabrik_kirchentellinsfurt_Axel_Meise17-300x199.png 300w, https:\/\/www.hecht.de\/hechtnews\/wp-content\/uploads\/2019\/11\/occhio_gallery_designfabrik_kirchentellinsfurt_Axel_Meise17-768x509.png 768w, https:\/\/www.hecht.de\/hechtnews\/wp-content\/uploads\/2019\/11\/occhio_gallery_designfabrik_kirchentellinsfurt_Axel_Meise17.png 1972w\" sizes=\"(max-width: 1024px) 100vw, 1024px\" \/><figcaption>LED Beleuchtung hecht <\/figcaption><\/figure><\/li><li class=\"blocks-gallery-item\"><figure><img loading=\"lazy\" width=\"1024\" height=\"679\" src=\"https:\/\/www.hecht.de\/hechtnews\/wp-content\/uploads\/2019\/11\/occhio_gallery_designfabrik_kirchentellinsfurt_Axel_Meise10-1024x679.png\" alt=\"\" data-id=\"944\" data-link=\"https:\/\/www.hecht.de\/hechtnews\/2019\/11\/24\/occhio-gallery-by-hecht\/occhio_gallery_designfabrik_kirchentellinsfurt_axel_meise10\/\" class=\"wp-image-944\" srcset=\"https:\/\/www.hecht.de\/hechtnews\/wp-content\/uploads\/2019\/11\/occhio_gallery_designfabrik_kirchentellinsfurt_Axel_Meise10-1024x679.png 1024w, https:\/\/www.hecht.de\/hechtnews\/wp-content\/uploads\/2019\/11\/occhio_gallery_designfabrik_kirchentellinsfurt_Axel_Meise10-300x199.png 300w, https:\/\/www.hecht.de\/hechtnews\/wp-content\/uploads\/2019\/11\/occhio_gallery_designfabrik_kirchentellinsfurt_Axel_Meise10-768x509.png 768w, https:\/\/www.hecht.de\/hechtnews\/wp-content\/uploads\/2019\/11\/occhio_gallery_designfabrik_kirchentellinsfurt_Axel_Meise10.png 1974w\" sizes=\"(max-width: 1024px) 100vw, 1024px\" \/><figcaption>Er\u00f6ffnung der occhio gallery by hecht designfabrik kirchentellinsfurt<\/figcaption><\/figure><\/li><li class=\"blocks-gallery-item\"><figure><img loading=\"lazy\" width=\"1024\" height=\"680\" src=\"https:\/\/www.hecht.de\/hechtnews\/wp-content\/uploads\/2019\/11\/Bildschirmfoto-2019-11-24-um-20.20.06-1024x680.png\" alt=\"\" data-id=\"952\" data-link=\"https:\/\/www.hecht.de\/hechtnews\/2019\/11\/24\/occhio-gallery-by-hecht\/bildschirmfoto-2019-11-24-um-20-20-06\/\" class=\"wp-image-952\" srcset=\"https:\/\/www.hecht.de\/hechtnews\/wp-content\/uploads\/2019\/11\/Bildschirmfoto-2019-11-24-um-20.20.06-1024x680.png 1024w, https:\/\/www.hecht.de\/hechtnews\/wp-content\/uploads\/2019\/11\/Bildschirmfoto-2019-11-24-um-20.20.06-300x199.png 300w, https:\/\/www.hecht.de\/hechtnews\/wp-content\/uploads\/2019\/11\/Bildschirmfoto-2019-11-24-um-20.20.06-768x510.png 768w, https:\/\/www.hecht.de\/hechtnews\/wp-content\/uploads\/2019\/11\/Bildschirmfoto-2019-11-24-um-20.20.06.png 1978w\" sizes=\"(max-width: 1024px) 100vw, 1024px\" \/><figcaption>LED Beleuchtung hecht <\/figcaption><\/figure><\/li><li class=\"blocks-gallery-item\"><figure><img loading=\"lazy\" width=\"1024\" height=\"674\" src=\"https:\/\/www.hecht.de\/hechtnews\/wp-content\/uploads\/2019\/11\/occhio_gallery_designfabrik_kirchentellinsfurt_Axel_Meise25-1024x674.png\" alt=\"\" data-id=\"957\" data-link=\"https:\/\/www.hecht.de\/hechtnews\/2019\/11\/24\/occhio-gallery-by-hecht\/occhio_gallery_designfabrik_kirchentellinsfurt_axel_meise25\/\" class=\"wp-image-957\" srcset=\"https:\/\/www.hecht.de\/hechtnews\/wp-content\/uploads\/2019\/11\/occhio_gallery_designfabrik_kirchentellinsfurt_Axel_Meise25-1024x674.png 1024w, https:\/\/www.hecht.de\/hechtnews\/wp-content\/uploads\/2019\/11\/occhio_gallery_designfabrik_kirchentellinsfurt_Axel_Meise25-300x197.png 300w, https:\/\/www.hecht.de\/hechtnews\/wp-content\/uploads\/2019\/11\/occhio_gallery_designfabrik_kirchentellinsfurt_Axel_Meise25-768x506.png 768w, https:\/\/www.hecht.de\/hechtnews\/wp-content\/uploads\/2019\/11\/occhio_gallery_designfabrik_kirchentellinsfurt_Axel_Meise25.png 1984w\" sizes=\"(max-width: 1024px) 100vw, 1024px\" \/><figcaption>LED Beleuchtung hecht <\/figcaption><\/figure><\/li><li class=\"blocks-gallery-item\"><figure><img loading=\"lazy\" width=\"1024\" height=\"976\" src=\"https:\/\/www.hecht.de\/hechtnews\/wp-content\/uploads\/2019\/04\/Bildschirmfoto-2019-04-04-um-22.18.57-1024x976.png\" alt=\"\" data-id=\"734\" data-link=\"https:\/\/www.hecht.de\/hechtnews\/2019\/05\/05\/fotoshooting-bei-roland-hutzenlaub-in-reutlingen-50-jahre-hecht-einrichtungen\/bildschirmfoto-2019-04-04-um-22-18-57\/\" class=\"wp-image-734\" srcset=\"https:\/\/www.hecht.de\/hechtnews\/wp-content\/uploads\/2019\/04\/Bildschirmfoto-2019-04-04-um-22.18.57-1024x976.png 1024w, https:\/\/www.hecht.de\/hechtnews\/wp-content\/uploads\/2019\/04\/Bildschirmfoto-2019-04-04-um-22.18.57-300x286.png 300w, https:\/\/www.hecht.de\/hechtnews\/wp-content\/uploads\/2019\/04\/Bildschirmfoto-2019-04-04-um-22.18.57-768x732.png 768w, https:\/\/www.hecht.de\/hechtnews\/wp-content\/uploads\/2019\/04\/Bildschirmfoto-2019-04-04-um-22.18.57.png 1324w\" sizes=\"(max-width: 1024px) 100vw, 1024px\" \/><figcaption>LED Beleuchtung hecht <\/figcaption><\/figure><\/li><li class=\"blocks-gallery-item\"><figure><img loading=\"lazy\" width=\"1024\" height=\"767\" src=\"https:\/\/www.hecht.de\/hechtnews\/wp-content\/uploads\/2019\/03\/occhio_1007614-1024x767.jpg\" alt=\"\" data-id=\"704\" data-link=\"https:\/\/www.hecht.de\/hechtnews\/2019\/03\/19\/occhio-leuchten-bei-hecht-im-kreis-reutlingen-tuebingen\/occhio_1007614\/\" class=\"wp-image-704\" srcset=\"https:\/\/www.hecht.de\/hechtnews\/wp-content\/uploads\/2019\/03\/occhio_1007614-1024x767.jpg 1024w, https:\/\/www.hecht.de\/hechtnews\/wp-content\/uploads\/2019\/03\/occhio_1007614-300x225.jpg 300w, https:\/\/www.hecht.de\/hechtnews\/wp-content\/uploads\/2019\/03\/occhio_1007614-768x576.jpg 768w\" sizes=\"(max-width: 1024px) 100vw, 1024px\" \/><figcaption>LED Beleuchtung hecht <\/figcaption><\/figure><\/li><\/ul>\n","protected":false},"excerpt":{"rendered":"<p>Die freie Redakteurin Catherine Hug hat mich pers\u00f6nlich gefragt, ob ich nicht zum Thema LED Technik ein Interview geben m\u00f6chte. Das habe ich sehr gerne getan. Einer der wichtigsten Punkte ist es, sich zuhause wohlf\u00fchlen, das Thema Licht wird hier leider untersch\u00e4tzt. Denn es ist wichtiger denn je. Anbei nun auch der Link zu dem&hellip;<\/p>\n","protected":false},"author":2,"featured_media":1171,"comment_status":"closed","ping_status":"closed","sticky":false,"template":"","format":"standard","meta":[],"categories":[110,111,139],"tags":[91,78,132,142,143,69,14],"_links":{"self":[{"href":"https:\/\/www.hecht.de\/hechtnews\/wp-json\/wp\/v2\/posts\/796"}],"collection":[{"href":"https:\/\/www.hecht.de\/hechtnews\/wp-json\/wp\/v2\/posts"}],"about":[{"href":"https:\/\/www.hecht.de\/hechtnews\/wp-json\/wp\/v2\/types\/post"}],"author":[{"embeddable":true,"href":"https:\/\/www.hecht.de\/hechtnews\/wp-json\/wp\/v2\/users\/2"}],"replies":[{"embeddable":true,"href":"https:\/\/www.hecht.de\/hechtnews\/wp-json\/wp\/v2\/comments?post=796"}],"version-history":[{"count":5,"href":"https:\/\/www.hecht.de\/hechtnews\/wp-json\/wp\/v2\/posts\/796\/revisions"}],"predecessor-version":[{"id":1263,"href":"https:\/\/www.hecht.de\/hechtnews\/wp-json\/wp\/v2\/posts\/796\/revisions\/1263"}],"wp:featuredmedia":[{"embeddable":true,"href":"https:\/\/www.hecht.de\/hechtnews\/wp-json\/wp\/v2\/media\/1171"}],"wp:attachment":[{"href":"https:\/\/www.hecht.de\/hechtnews\/wp-json\/wp\/v2\/media?parent=796"}],"wp:term":[{"taxonomy":"category","embeddable":true,"href":"https:\/\/www.hecht.de\/hechtnews\/wp-json\/wp\/v2\/categories?post=796"},{"taxonomy":"post_tag","embeddable":true,"href":"https:\/\/www.hecht.de\/hechtnews\/wp-json\/wp\/v2\/tags?post=796"}],"curies":[{"name":"wp","href":"https:\/\/api.w.org\/{rel}","templated":true}]}}