{"id":4221,"date":"2026-04-18T11:37:55","date_gmt":"2026-04-18T09:37:55","guid":{"rendered":"https:\/\/www.hecht.de\/hechtnews\/?p=4221"},"modified":"2026-04-18T11:43:47","modified_gmt":"2026-04-18T09:43:47","slug":"designweek-sale","status":"publish","type":"post","link":"https:\/\/www.hecht.de\/hechtnews\/2026\/04\/18\/designweek-sale\/","title":{"rendered":"Designweek Sale"},"content":{"rendered":"\n<p>Designweek Sale<\/p>\n\n\n\n<p>W\u00e4hrend in Mailand die M\u00f6belmesse stattfindet,&nbsp;<br>haben wir f\u00fcr Sie die passenden Angebote:<\/p>\n\n\n\n<p>In T\u00fcbingen &amp; Kirchentellinsfurt erhalten Sie\u00a0<strong>15 % auf alle Ausstellungsst\u00fccke<\/strong>, Accessoires, Leuchten, Tische, St\u00fchle usw. \u2013 genau die St\u00fccke, die Sie vielleicht schon l\u00e4nger im Blick haben.\u00a0<\/p>\n\n\n\n<p><em>Ausgenommen sind Display-Ware sowie bereits reduzierte Produkte.<\/em><\/p>\n\n\n\n<p>Kommen Sie vorbei, entdecken Sie Ihre Favoriten und sichern Sie sich Ihr Lieblingsst\u00fcck.<br>Das hecht Team, Jochen und Frank Hecht<br>freuen sich auf Sie.&nbsp;<\/p>\n\n\n\n<p><br>Die Aktion ist zeitlich begrenzt bis 30.04.2026<\/p>\n\n\n\n<figure class=\"wp-block-gallery columns-1 is-cropped\"><ul class=\"blocks-gallery-grid\"><li class=\"blocks-gallery-item\"><figure><img loading=\"lazy\" width=\"576\" height=\"1024\" src=\"https:\/\/www.hecht.de\/hechtnews\/wp-content\/uploads\/2026\/04\/Designweek-SALE-Preise-576x1024.jpg\" alt=\"\" data-id=\"4222\" data-full-url=\"https:\/\/www.hecht.de\/hechtnews\/wp-content\/uploads\/2026\/04\/Designweek-SALE-Preise.jpg\" data-link=\"https:\/\/www.hecht.de\/hechtnews\/?attachment_id=4222\" class=\"wp-image-4222\" srcset=\"https:\/\/www.hecht.de\/hechtnews\/wp-content\/uploads\/2026\/04\/Designweek-SALE-Preise-576x1024.jpg 576w, https:\/\/www.hecht.de\/hechtnews\/wp-content\/uploads\/2026\/04\/Designweek-SALE-Preise-169x300.jpg 169w, https:\/\/www.hecht.de\/hechtnews\/wp-content\/uploads\/2026\/04\/Designweek-SALE-Preise-768x1365.jpg 768w, https:\/\/www.hecht.de\/hechtnews\/wp-content\/uploads\/2026\/04\/Designweek-SALE-Preise-864x1536.jpg 864w, https:\/\/www.hecht.de\/hechtnews\/wp-content\/uploads\/2026\/04\/Designweek-SALE-Preise.jpg 1080w\" sizes=\"(max-width: 576px) 100vw, 576px\" \/><\/figure><\/li><\/ul><\/figure>\n\n\n\n<figure class=\"wp-block-gallery columns-3 is-cropped\"><ul class=\"blocks-gallery-grid\"><li class=\"blocks-gallery-item\"><figure><img loading=\"lazy\" width=\"793\" height=\"383\" src=\"https:\/\/www.hecht.de\/hechtnews\/wp-content\/uploads\/2026\/03\/outdoor.png\" alt=\"\" data-id=\"4186\" data-full-url=\"https:\/\/www.hecht.de\/hechtnews\/wp-content\/uploads\/2026\/03\/outdoor.png\" data-link=\"https:\/\/www.hecht.de\/hechtnews\/2026\/03\/19\/gartenmoebel-in-tuebingen\/outdoor-4\/\" class=\"wp-image-4186\" srcset=\"https:\/\/www.hecht.de\/hechtnews\/wp-content\/uploads\/2026\/03\/outdoor.png 793w, https:\/\/www.hecht.de\/hechtnews\/wp-content\/uploads\/2026\/03\/outdoor-300x145.png 300w, https:\/\/www.hecht.de\/hechtnews\/wp-content\/uploads\/2026\/03\/outdoor-768x371.png 768w\" sizes=\"(max-width: 793px) 100vw, 793px\" \/><\/figure><\/li><li class=\"blocks-gallery-item\"><figure><img loading=\"lazy\" width=\"819\" height=\"1024\" src=\"https:\/\/www.hecht.de\/hechtnews\/wp-content\/uploads\/2026\/03\/IMG_4889-819x1024.jpeg\" alt=\"\" data-id=\"4184\" data-full-url=\"https:\/\/www.hecht.de\/hechtnews\/wp-content\/uploads\/2026\/03\/IMG_4889-scaled.jpeg\" data-link=\"https:\/\/www.hecht.de\/hechtnews\/2026\/03\/19\/gartenmoebel-in-tuebingen\/img_4889\/\" class=\"wp-image-4184\" srcset=\"https:\/\/www.hecht.de\/hechtnews\/wp-content\/uploads\/2026\/03\/IMG_4889-819x1024.jpeg 819w, https:\/\/www.hecht.de\/hechtnews\/wp-content\/uploads\/2026\/03\/IMG_4889-240x300.jpeg 240w, https:\/\/www.hecht.de\/hechtnews\/wp-content\/uploads\/2026\/03\/IMG_4889-768x960.jpeg 768w, https:\/\/www.hecht.de\/hechtnews\/wp-content\/uploads\/2026\/03\/IMG_4889-1229x1536.jpeg 1229w, https:\/\/www.hecht.de\/hechtnews\/wp-content\/uploads\/2026\/03\/IMG_4889-1638x2048.jpeg 1638w, https:\/\/www.hecht.de\/hechtnews\/wp-content\/uploads\/2026\/03\/IMG_4889-scaled.jpeg 2048w\" sizes=\"(max-width: 819px) 100vw, 819px\" \/><\/figure><\/li><li class=\"blocks-gallery-item\"><figure><img loading=\"lazy\" width=\"819\" height=\"1024\" src=\"https:\/\/www.hecht.de\/hechtnews\/wp-content\/uploads\/2026\/03\/IMG_4895-819x1024.jpeg\" alt=\"\" data-id=\"4183\" data-full-url=\"https:\/\/www.hecht.de\/hechtnews\/wp-content\/uploads\/2026\/03\/IMG_4895-scaled.jpeg\" data-link=\"https:\/\/www.hecht.de\/hechtnews\/2026\/03\/19\/gartenmoebel-in-tuebingen\/img_4895\/\" class=\"wp-image-4183\" srcset=\"https:\/\/www.hecht.de\/hechtnews\/wp-content\/uploads\/2026\/03\/IMG_4895-819x1024.jpeg 819w, https:\/\/www.hecht.de\/hechtnews\/wp-content\/uploads\/2026\/03\/IMG_4895-240x300.jpeg 240w, https:\/\/www.hecht.de\/hechtnews\/wp-content\/uploads\/2026\/03\/IMG_4895-768x960.jpeg 768w, https:\/\/www.hecht.de\/hechtnews\/wp-content\/uploads\/2026\/03\/IMG_4895-1229x1536.jpeg 1229w, https:\/\/www.hecht.de\/hechtnews\/wp-content\/uploads\/2026\/03\/IMG_4895-1638x2048.jpeg 1638w, https:\/\/www.hecht.de\/hechtnews\/wp-content\/uploads\/2026\/03\/IMG_4895-scaled.jpeg 2048w\" sizes=\"(max-width: 819px) 100vw, 819px\" \/><\/figure><\/li><li class=\"blocks-gallery-item\"><figure><img loading=\"lazy\" width=\"768\" height=\"1024\" src=\"https:\/\/www.hecht.de\/hechtnews\/wp-content\/uploads\/2026\/03\/IMG_4896-768x1024.jpeg\" alt=\"Gartenm\u00f6bel\" data-id=\"4182\" data-full-url=\"https:\/\/www.hecht.de\/hechtnews\/wp-content\/uploads\/2026\/03\/IMG_4896-scaled.jpeg\" data-link=\"https:\/\/www.hecht.de\/hechtnews\/2026\/03\/19\/gartenmoebel-in-tuebingen\/img_4896\/\" class=\"wp-image-4182\" srcset=\"https:\/\/www.hecht.de\/hechtnews\/wp-content\/uploads\/2026\/03\/IMG_4896-768x1024.jpeg 768w, https:\/\/www.hecht.de\/hechtnews\/wp-content\/uploads\/2026\/03\/IMG_4896-225x300.jpeg 225w, https:\/\/www.hecht.de\/hechtnews\/wp-content\/uploads\/2026\/03\/IMG_4896-1152x1536.jpeg 1152w, https:\/\/www.hecht.de\/hechtnews\/wp-content\/uploads\/2026\/03\/IMG_4896-1536x2048.jpeg 1536w, https:\/\/www.hecht.de\/hechtnews\/wp-content\/uploads\/2026\/03\/IMG_4896-scaled.jpeg 1920w\" sizes=\"(max-width: 768px) 100vw, 768px\" \/><figcaption class=\"blocks-gallery-item__caption\">Gartenm\u00f6bel <\/figcaption><\/figure><\/li><li class=\"blocks-gallery-item\"><figure><img loading=\"lazy\" width=\"768\" height=\"1024\" src=\"https:\/\/www.hecht.de\/hechtnews\/wp-content\/uploads\/2025\/07\/b1c9d194-9e2b-4f97-b09f-c54e7a042c9c-768x1024.jpeg\" alt=\"\" data-id=\"4052\" data-full-url=\"https:\/\/www.hecht.de\/hechtnews\/wp-content\/uploads\/2025\/07\/b1c9d194-9e2b-4f97-b09f-c54e7a042c9c.jpeg\" data-link=\"https:\/\/www.hecht.de\/hechtnews\/2025\/07\/05\/walter-knoll-bei-hecht\/b1c9d194-9e2b-4f97-b09f-c54e7a042c9c\/\" class=\"wp-image-4052\" srcset=\"https:\/\/www.hecht.de\/hechtnews\/wp-content\/uploads\/2025\/07\/b1c9d194-9e2b-4f97-b09f-c54e7a042c9c-768x1024.jpeg 768w, https:\/\/www.hecht.de\/hechtnews\/wp-content\/uploads\/2025\/07\/b1c9d194-9e2b-4f97-b09f-c54e7a042c9c-225x300.jpeg 225w, https:\/\/www.hecht.de\/hechtnews\/wp-content\/uploads\/2025\/07\/b1c9d194-9e2b-4f97-b09f-c54e7a042c9c-1152x1536.jpeg 1152w, https:\/\/www.hecht.de\/hechtnews\/wp-content\/uploads\/2025\/07\/b1c9d194-9e2b-4f97-b09f-c54e7a042c9c.jpeg 1200w\" sizes=\"(max-width: 768px) 100vw, 768px\" \/><\/figure><\/li><\/ul><\/figure>\n","protected":false},"excerpt":{"rendered":"<p>Designweek Sale W\u00e4hrend in Mailand die M\u00f6belmesse stattfindet,&nbsp;haben wir f\u00fcr Sie die passenden Angebote: In T\u00fcbingen &amp; Kirchentellinsfurt erhalten Sie\u00a015 % auf alle Ausstellungsst\u00fccke, Accessoires, Leuchten, Tische, St\u00fchle usw. \u2013 genau die St\u00fccke, die Sie vielleicht schon l\u00e4nger im Blick haben.\u00a0 Ausgenommen sind Display-Ware sowie bereits reduzierte Produkte. Kommen Sie vorbei, entdecken Sie Ihre Favoriten&hellip;<\/p>\n","protected":false},"author":2,"featured_media":4224,"comment_status":"closed","ping_status":"closed","sticky":false,"template":"","format":"standard","meta":[],"categories":[1],"tags":[260],"_links":{"self":[{"href":"https:\/\/www.hecht.de\/hechtnews\/wp-json\/wp\/v2\/posts\/4221"}],"collection":[{"href":"https:\/\/www.hecht.de\/hechtnews\/wp-json\/wp\/v2\/posts"}],"about":[{"href":"https:\/\/www.hecht.de\/hechtnews\/wp-json\/wp\/v2\/types\/post"}],"author":[{"embeddable":true,"href":"https:\/\/www.hecht.de\/hechtnews\/wp-json\/wp\/v2\/users\/2"}],"replies":[{"embeddable":true,"href":"https:\/\/www.hecht.de\/hechtnews\/wp-json\/wp\/v2\/comments?post=4221"}],"version-history":[{"count":4,"href":"https:\/\/www.hecht.de\/hechtnews\/wp-json\/wp\/v2\/posts\/4221\/revisions"}],"predecessor-version":[{"id":4227,"href":"https:\/\/www.hecht.de\/hechtnews\/wp-json\/wp\/v2\/posts\/4221\/revisions\/4227"}],"wp:featuredmedia":[{"embeddable":true,"href":"https:\/\/www.hecht.de\/hechtnews\/wp-json\/wp\/v2\/media\/4224"}],"wp:attachment":[{"href":"https:\/\/www.hecht.de\/hechtnews\/wp-json\/wp\/v2\/media?parent=4221"}],"wp:term":[{"taxonomy":"category","embeddable":true,"href":"https:\/\/www.hecht.de\/hechtnews\/wp-json\/wp\/v2\/categories?post=4221"},{"taxonomy":"post_tag","embeddable":true,"href":"https:\/\/www.hecht.de\/hechtnews\/wp-json\/wp\/v2\/tags?post=4221"}],"curies":[{"name":"wp","href":"https:\/\/api.w.org\/{rel}","templated":true}]}}