{"id":4181,"date":"2026-03-19T15:38:58","date_gmt":"2026-03-19T14:38:58","guid":{"rendered":"https:\/\/www.hecht.de\/hechtnews\/?p=4181"},"modified":"2026-03-26T13:46:52","modified_gmt":"2026-03-26T12:46:52","slug":"gartenmoebel-in-tuebingen","status":"publish","type":"post","link":"https:\/\/www.hecht.de\/hechtnews\/2026\/03\/19\/gartenmoebel-in-tuebingen\/","title":{"rendered":"Gartenm\u00f6bel in T\u00fcbingen"},"content":{"rendered":"\n<p>Endlich sind sie da \u2013 unsere neuen Gartenm\u00f6bel!<\/p>\n\n\n\n<p>Mit den ersten warmen Tagen w\u00e4chst die Lust auf entspannte Stunden im Freien, und genau daf\u00fcr haben wir unsere Auswahl f\u00fcr Sie erweitert. Freuen Sie sich auf hochwertige Outdoor-M\u00f6bel von Herstellern wie HOUE, Fermob und Nardi, die Design, Komfort und Funktionalit\u00e4t perfekt verbinden.<\/p>\n\n\n\n<p>Und das ist erst der Anfang: Weitere spannende Neuheiten werden in den kommenden Wochen folgen. Schauen Sie vorbei, lassen Sie sich inspirieren und entdecken Sie Ihre neuen Lieblingsst\u00fccke f\u00fcr den Garten, die Terrasse oder den Balkon. Wir freuen uns auf Ihren Besuch in T\u00fcbingen und Kirchentellinsfurt. <\/p>\n\n\n\n<p><\/p>\n\n\n\n<figure class=\"wp-block-gallery columns-3 is-cropped\"><ul class=\"blocks-gallery-grid\"><li class=\"blocks-gallery-item\"><figure><img loading=\"lazy\" width=\"768\" height=\"1024\" src=\"https:\/\/www.hecht.de\/hechtnews\/wp-content\/uploads\/2026\/03\/IMG_4896-768x1024.jpeg\" alt=\"Gartenm\u00f6bel \" data-id=\"4182\" data-full-url=\"https:\/\/www.hecht.de\/hechtnews\/wp-content\/uploads\/2026\/03\/IMG_4896-scaled.jpeg\" data-link=\"https:\/\/www.hecht.de\/hechtnews\/?attachment_id=4182\" class=\"wp-image-4182\" srcset=\"https:\/\/www.hecht.de\/hechtnews\/wp-content\/uploads\/2026\/03\/IMG_4896-768x1024.jpeg 768w, https:\/\/www.hecht.de\/hechtnews\/wp-content\/uploads\/2026\/03\/IMG_4896-225x300.jpeg 225w, https:\/\/www.hecht.de\/hechtnews\/wp-content\/uploads\/2026\/03\/IMG_4896-1152x1536.jpeg 1152w, https:\/\/www.hecht.de\/hechtnews\/wp-content\/uploads\/2026\/03\/IMG_4896-1536x2048.jpeg 1536w, https:\/\/www.hecht.de\/hechtnews\/wp-content\/uploads\/2026\/03\/IMG_4896-scaled.jpeg 1920w\" sizes=\"(max-width: 768px) 100vw, 768px\" \/><figcaption class=\"blocks-gallery-item__caption\">Gartenm\u00f6bel <\/figcaption><\/figure><\/li><li class=\"blocks-gallery-item\"><figure><img loading=\"lazy\" width=\"819\" height=\"1024\" src=\"https:\/\/www.hecht.de\/hechtnews\/wp-content\/uploads\/2026\/03\/IMG_4895-819x1024.jpeg\" alt=\"\" data-id=\"4183\" data-full-url=\"https:\/\/www.hecht.de\/hechtnews\/wp-content\/uploads\/2026\/03\/IMG_4895-scaled.jpeg\" data-link=\"https:\/\/www.hecht.de\/hechtnews\/?attachment_id=4183\" class=\"wp-image-4183\" srcset=\"https:\/\/www.hecht.de\/hechtnews\/wp-content\/uploads\/2026\/03\/IMG_4895-819x1024.jpeg 819w, https:\/\/www.hecht.de\/hechtnews\/wp-content\/uploads\/2026\/03\/IMG_4895-240x300.jpeg 240w, https:\/\/www.hecht.de\/hechtnews\/wp-content\/uploads\/2026\/03\/IMG_4895-768x960.jpeg 768w, https:\/\/www.hecht.de\/hechtnews\/wp-content\/uploads\/2026\/03\/IMG_4895-1229x1536.jpeg 1229w, https:\/\/www.hecht.de\/hechtnews\/wp-content\/uploads\/2026\/03\/IMG_4895-1638x2048.jpeg 1638w, https:\/\/www.hecht.de\/hechtnews\/wp-content\/uploads\/2026\/03\/IMG_4895-scaled.jpeg 2048w\" sizes=\"(max-width: 819px) 100vw, 819px\" \/><\/figure><\/li><li class=\"blocks-gallery-item\"><figure><img loading=\"lazy\" width=\"819\" height=\"1024\" src=\"https:\/\/www.hecht.de\/hechtnews\/wp-content\/uploads\/2026\/03\/IMG_4889-819x1024.jpeg\" alt=\"\" data-id=\"4184\" data-full-url=\"https:\/\/www.hecht.de\/hechtnews\/wp-content\/uploads\/2026\/03\/IMG_4889-scaled.jpeg\" data-link=\"https:\/\/www.hecht.de\/hechtnews\/?attachment_id=4184\" class=\"wp-image-4184\" srcset=\"https:\/\/www.hecht.de\/hechtnews\/wp-content\/uploads\/2026\/03\/IMG_4889-819x1024.jpeg 819w, https:\/\/www.hecht.de\/hechtnews\/wp-content\/uploads\/2026\/03\/IMG_4889-240x300.jpeg 240w, https:\/\/www.hecht.de\/hechtnews\/wp-content\/uploads\/2026\/03\/IMG_4889-768x960.jpeg 768w, https:\/\/www.hecht.de\/hechtnews\/wp-content\/uploads\/2026\/03\/IMG_4889-1229x1536.jpeg 1229w, https:\/\/www.hecht.de\/hechtnews\/wp-content\/uploads\/2026\/03\/IMG_4889-1638x2048.jpeg 1638w, https:\/\/www.hecht.de\/hechtnews\/wp-content\/uploads\/2026\/03\/IMG_4889-scaled.jpeg 2048w\" sizes=\"(max-width: 819px) 100vw, 819px\" \/><\/figure><\/li><\/ul><\/figure>\n","protected":false},"excerpt":{"rendered":"<p>Endlich sind sie da \u2013 unsere neuen Gartenm\u00f6bel! Mit den ersten warmen Tagen w\u00e4chst die Lust auf entspannte Stunden im Freien, und genau daf\u00fcr haben wir unsere Auswahl f\u00fcr Sie erweitert. Freuen Sie sich auf hochwertige Outdoor-M\u00f6bel von Herstellern wie HOUE, Fermob und Nardi, die Design, Komfort und Funktionalit\u00e4t perfekt verbinden. Und das ist erst&hellip;<\/p>\n","protected":false},"author":2,"featured_media":4186,"comment_status":"closed","ping_status":"closed","sticky":false,"template":"","format":"standard","meta":[],"categories":[1],"tags":[60],"_links":{"self":[{"href":"https:\/\/www.hecht.de\/hechtnews\/wp-json\/wp\/v2\/posts\/4181"}],"collection":[{"href":"https:\/\/www.hecht.de\/hechtnews\/wp-json\/wp\/v2\/posts"}],"about":[{"href":"https:\/\/www.hecht.de\/hechtnews\/wp-json\/wp\/v2\/types\/post"}],"author":[{"embeddable":true,"href":"https:\/\/www.hecht.de\/hechtnews\/wp-json\/wp\/v2\/users\/2"}],"replies":[{"embeddable":true,"href":"https:\/\/www.hecht.de\/hechtnews\/wp-json\/wp\/v2\/comments?post=4181"}],"version-history":[{"count":2,"href":"https:\/\/www.hecht.de\/hechtnews\/wp-json\/wp\/v2\/posts\/4181\/revisions"}],"predecessor-version":[{"id":4187,"href":"https:\/\/www.hecht.de\/hechtnews\/wp-json\/wp\/v2\/posts\/4181\/revisions\/4187"}],"wp:featuredmedia":[{"embeddable":true,"href":"https:\/\/www.hecht.de\/hechtnews\/wp-json\/wp\/v2\/media\/4186"}],"wp:attachment":[{"href":"https:\/\/www.hecht.de\/hechtnews\/wp-json\/wp\/v2\/media?parent=4181"}],"wp:term":[{"taxonomy":"category","embeddable":true,"href":"https:\/\/www.hecht.de\/hechtnews\/wp-json\/wp\/v2\/categories?post=4181"},{"taxonomy":"post_tag","embeddable":true,"href":"https:\/\/www.hecht.de\/hechtnews\/wp-json\/wp\/v2\/tags?post=4181"}],"curies":[{"name":"wp","href":"https:\/\/api.w.org\/{rel}","templated":true}]}}