{"id":3842,"date":"2024-10-26T21:13:00","date_gmt":"2024-10-26T19:13:00","guid":{"rendered":"https:\/\/www.hecht.de\/hechtnews\/?p=3842"},"modified":"2024-11-07T10:43:23","modified_gmt":"2024-11-07T09:43:23","slug":"vitra-homestories-2024","status":"publish","type":"post","link":"https:\/\/www.hecht.de\/hechtnews\/2024\/10\/26\/vitra-homestories-2024\/","title":{"rendered":"Vitra Homestories 2024 Wall Clocks"},"content":{"rendered":"\n<p><strong>Wall Clocks \u2013 Ball Clock, Limited Edition George Nelson, 1949\u20131960<\/strong><br>Ein frischer, farbenfroher Look f\u00fcr einen Mid-Century-Klassiker<\/p>\n\n\n\n<p>Das Jahr 2024 markiert gleich zwei besondere Jubil\u00e4en: Zum einen feiert Vitra das 25-j\u00e4hrige Bestehen der Re-Edition der ber\u00fchmten Wall Clocks, zum anderen j\u00e4hrt sich die urspr\u00fcngliche Markteinf\u00fchrung der Ball Clock von George Nelson zum 75. Mal. Zu diesem Anlass pr\u00e4sentiert Vitra eine exklusive Limited Edition der Ball Clock in vier faszinierenden Farbvarianten: Dawn, Sunrise, Sunset und Dusk. Jede dieser Farbverl\u00e4ufe f\u00e4ngt die unterschiedlichen Stimmungen und Lichtspiele der verschiedenen Tageszeiten ein.<\/p>\n\n\n\n<p>Im Jahr 1947 erhielt der amerikanische Designer George Nelson den Auftrag, eine Uhrenkollektion zu gestalten. Eine seiner ersten Entw\u00fcrfe war die ikonische Ball Clock, die in den kommenden Jahrzehnten zum Sinnbild des amerikanischen Mid-Century-Designs avancierte. In den folgenden 35 Jahren entwickelten die Designer von George Nelson Associates \u00fcber 100 verschiedene Zeitmesser, darunter Wanduhren, tragbare Tischuhren und Einbauuhren. Seit 1999 bringt Vitra diese zeitlosen Nelson-Uhren erneut auf den Markt und l\u00e4sst so die \u00c4ra des Mid-Century-Designs wieder aufleben.<\/p>\n\n\n\n<figure class=\"wp-block-gallery columns-1 is-cropped\"><ul class=\"blocks-gallery-grid\"><li class=\"blocks-gallery-item\"><figure><img loading=\"lazy\" width=\"1024\" height=\"561\" src=\"https:\/\/www.hecht.de\/hechtnews\/wp-content\/uploads\/2024\/10\/Bildschirmfoto-2024-10-10-um-21.17.36-1024x561.png\" alt=\"\" data-id=\"3843\" data-full-url=\"https:\/\/www.hecht.de\/hechtnews\/wp-content\/uploads\/2024\/10\/Bildschirmfoto-2024-10-10-um-21.17.36.png\" data-link=\"https:\/\/www.hecht.de\/hechtnews\/?attachment_id=3843\" class=\"wp-image-3843\" srcset=\"https:\/\/www.hecht.de\/hechtnews\/wp-content\/uploads\/2024\/10\/Bildschirmfoto-2024-10-10-um-21.17.36-1024x561.png 1024w, https:\/\/www.hecht.de\/hechtnews\/wp-content\/uploads\/2024\/10\/Bildschirmfoto-2024-10-10-um-21.17.36-300x164.png 300w, https:\/\/www.hecht.de\/hechtnews\/wp-content\/uploads\/2024\/10\/Bildschirmfoto-2024-10-10-um-21.17.36-768x421.png 768w, https:\/\/www.hecht.de\/hechtnews\/wp-content\/uploads\/2024\/10\/Bildschirmfoto-2024-10-10-um-21.17.36-1536x842.png 1536w, https:\/\/www.hecht.de\/hechtnews\/wp-content\/uploads\/2024\/10\/Bildschirmfoto-2024-10-10-um-21.17.36.png 1818w\" sizes=\"(max-width: 1024px) 100vw, 1024px\" \/><\/figure><\/li><\/ul><\/figure>\n","protected":false},"excerpt":{"rendered":"<p>Wall Clocks \u2013 Ball Clock, Limited Edition George Nelson, 1949\u20131960Ein frischer, farbenfroher Look f\u00fcr einen Mid-Century-Klassiker Das Jahr 2024 markiert gleich zwei besondere Jubil\u00e4en: Zum einen feiert Vitra das 25-j\u00e4hrige Bestehen der Re-Edition der ber\u00fchmten Wall Clocks, zum anderen j\u00e4hrt sich die urspr\u00fcngliche Markteinf\u00fchrung der Ball Clock von George Nelson zum 75. Mal. Zu diesem&hellip;<\/p>\n","protected":false},"author":2,"featured_media":3889,"comment_status":"closed","ping_status":"closed","sticky":false,"template":"","format":"standard","meta":[],"categories":[138],"tags":[164],"_links":{"self":[{"href":"https:\/\/www.hecht.de\/hechtnews\/wp-json\/wp\/v2\/posts\/3842"}],"collection":[{"href":"https:\/\/www.hecht.de\/hechtnews\/wp-json\/wp\/v2\/posts"}],"about":[{"href":"https:\/\/www.hecht.de\/hechtnews\/wp-json\/wp\/v2\/types\/post"}],"author":[{"embeddable":true,"href":"https:\/\/www.hecht.de\/hechtnews\/wp-json\/wp\/v2\/users\/2"}],"replies":[{"embeddable":true,"href":"https:\/\/www.hecht.de\/hechtnews\/wp-json\/wp\/v2\/comments?post=3842"}],"version-history":[{"count":2,"href":"https:\/\/www.hecht.de\/hechtnews\/wp-json\/wp\/v2\/posts\/3842\/revisions"}],"predecessor-version":[{"id":3846,"href":"https:\/\/www.hecht.de\/hechtnews\/wp-json\/wp\/v2\/posts\/3842\/revisions\/3846"}],"wp:featuredmedia":[{"embeddable":true,"href":"https:\/\/www.hecht.de\/hechtnews\/wp-json\/wp\/v2\/media\/3889"}],"wp:attachment":[{"href":"https:\/\/www.hecht.de\/hechtnews\/wp-json\/wp\/v2\/media?parent=3842"}],"wp:term":[{"taxonomy":"category","embeddable":true,"href":"https:\/\/www.hecht.de\/hechtnews\/wp-json\/wp\/v2\/categories?post=3842"},{"taxonomy":"post_tag","embeddable":true,"href":"https:\/\/www.hecht.de\/hechtnews\/wp-json\/wp\/v2\/tags?post=3842"}],"curies":[{"name":"wp","href":"https:\/\/api.w.org\/{rel}","templated":true}]}}