{"id":3809,"date":"2024-08-22T18:02:18","date_gmt":"2024-08-22T16:02:18","guid":{"rendered":"https:\/\/www.hecht.de\/hechtnews\/?p=3809"},"modified":"2024-08-22T18:02:18","modified_gmt":"2024-08-22T16:02:18","slug":"gartenmoebel-reduziert","status":"publish","type":"post","link":"https:\/\/www.hecht.de\/hechtnews\/2024\/08\/22\/gartenmoebel-reduziert\/","title":{"rendered":"Gartenm\u00f6bel reduziert"},"content":{"rendered":"\n<p>Wir freuen uns, Ihnen mitteilen zu k\u00f6nnen, dass wir unsere Gartenm\u00f6bel in T\u00fcbingen und in der designfabrik in Kirchentellinsfurt reduziert haben. \ud83c\udf3f\u2728 Viele unserer wundersch\u00f6nen Ausstellungsst\u00fccke, darunter Tische, St\u00fchle, Sessel und mehr, haben wir f\u00fcr Sie im Preis gesenkt.<\/p>\n\n\n\n<p>Schauen Sie doch in unseren Filialen vorbei und entdecken Sie die tollen Angebote. Unser Team steht Ihnen jederzeit zur Verf\u00fcgung und beantwortet gerne all Ihre Fragen. Wir freuen uns auf Ihren Besuch!<\/p>\n\n\n\n<p><\/p>\n","protected":false},"excerpt":{"rendered":"<p>Wir freuen uns, Ihnen mitteilen zu k\u00f6nnen, dass wir unsere Gartenm\u00f6bel in T\u00fcbingen und in der designfabrik in Kirchentellinsfurt reduziert haben. \ud83c\udf3f\u2728 Viele unserer wundersch\u00f6nen Ausstellungsst\u00fccke, darunter Tische, St\u00fchle, Sessel und mehr, haben wir f\u00fcr Sie im Preis gesenkt. Schauen Sie doch in unseren Filialen vorbei und entdecken Sie die tollen Angebote. Unser Team steht&hellip;<\/p>\n","protected":false},"author":2,"featured_media":3811,"comment_status":"closed","ping_status":"closed","sticky":false,"template":"","format":"standard","meta":[],"categories":[1,179],"tags":[60,260],"_links":{"self":[{"href":"https:\/\/www.hecht.de\/hechtnews\/wp-json\/wp\/v2\/posts\/3809"}],"collection":[{"href":"https:\/\/www.hecht.de\/hechtnews\/wp-json\/wp\/v2\/posts"}],"about":[{"href":"https:\/\/www.hecht.de\/hechtnews\/wp-json\/wp\/v2\/types\/post"}],"author":[{"embeddable":true,"href":"https:\/\/www.hecht.de\/hechtnews\/wp-json\/wp\/v2\/users\/2"}],"replies":[{"embeddable":true,"href":"https:\/\/www.hecht.de\/hechtnews\/wp-json\/wp\/v2\/comments?post=3809"}],"version-history":[{"count":1,"href":"https:\/\/www.hecht.de\/hechtnews\/wp-json\/wp\/v2\/posts\/3809\/revisions"}],"predecessor-version":[{"id":3812,"href":"https:\/\/www.hecht.de\/hechtnews\/wp-json\/wp\/v2\/posts\/3809\/revisions\/3812"}],"wp:featuredmedia":[{"embeddable":true,"href":"https:\/\/www.hecht.de\/hechtnews\/wp-json\/wp\/v2\/media\/3811"}],"wp:attachment":[{"href":"https:\/\/www.hecht.de\/hechtnews\/wp-json\/wp\/v2\/media?parent=3809"}],"wp:term":[{"taxonomy":"category","embeddable":true,"href":"https:\/\/www.hecht.de\/hechtnews\/wp-json\/wp\/v2\/categories?post=3809"},{"taxonomy":"post_tag","embeddable":true,"href":"https:\/\/www.hecht.de\/hechtnews\/wp-json\/wp\/v2\/tags?post=3809"}],"curies":[{"name":"wp","href":"https:\/\/api.w.org\/{rel}","templated":true}]}}