{"id":3640,"date":"2024-09-10T12:47:00","date_gmt":"2024-09-10T10:47:00","guid":{"rendered":"https:\/\/www.hecht.de\/hechtnews\/?p=3640"},"modified":"2024-10-10T10:59:43","modified_gmt":"2024-10-10T08:59:43","slug":"neues-hecht-ci-magazin-fruehjahr","status":"publish","type":"post","link":"https:\/\/www.hecht.de\/hechtnews\/2024\/09\/10\/neues-hecht-ci-magazin-fruehjahr\/","title":{"rendered":"Neues hecht ci Magazin Herbst 2024"},"content":{"rendered":"\n<p>Haben Sie schon unser neues Herbst-Magazin entdeckt? Es steckt voller Inspirationen f\u00fcr Ihr Zuhause! Von stilvollen M\u00f6beln bis hin zu eleganten Lampen \u2013 lassen Sie sich von den neuesten Trends begeistern. In unserem Magazin finden Sie kreative Ideen, um Ihre R\u00e4ume mit einzigartigen St\u00fccken in eine echte Wohlf\u00fchloase zu verwandeln.<\/p>\n\n\n\n<p>Sichern Sie sich Ihr pers\u00f6nliches Exemplar bei uns in T\u00fcbingen oder Kirchentellinsfurt und tauchen Sie ein in die Welt der Creativen Inneneinrichter. Wir freuen uns schon sehr darauf, Sie bald bei uns begr\u00fc\u00dfen zu d\u00fcrfen und Ihnen die neuesten Highlights pers\u00f6nlich vorzustellen.<\/p>\n\n\n\n<p>Ihr n\u00e4chster Besuch wird sicher voller Inspiration sein \u2013 wir freuen uns auf Sie!<\/p>\n\n\n\n<p> Gerne k\u00f6nnen Sie sich ein Exemplar der <a rel=\"noreferrer noopener\" href=\"http:\/\/www.designkatalog.com\" data-type=\"URL\" data-id=\"www.designkatalog.com\" target=\"_blank\">Creativen Inneneinrichter<\/a> sichern in T\u00fcbingen oder Kirchentellinsfurt.<\/p>\n\n\n\n<p>Wir freuen uns auf Ihren <a href=\"http:\/\/www.hecht.de\" data-type=\"URL\" data-id=\"www.hecht.de\" target=\"_blank\" rel=\"noreferrer noopener\">Besuch<\/a>. <\/p>\n\n\n\n<figure class=\"wp-block-image size-large\"><img loading=\"lazy\" width=\"765\" height=\"1024\" src=\"https:\/\/www.hecht.de\/hechtnews\/wp-content\/uploads\/2024\/08\/Bildschirmfoto-2024-08-10-um-10.25.22-765x1024.png\" alt=\"\" class=\"wp-image-3777\" srcset=\"https:\/\/www.hecht.de\/hechtnews\/wp-content\/uploads\/2024\/08\/Bildschirmfoto-2024-08-10-um-10.25.22-765x1024.png 765w, https:\/\/www.hecht.de\/hechtnews\/wp-content\/uploads\/2024\/08\/Bildschirmfoto-2024-08-10-um-10.25.22-224x300.png 224w, https:\/\/www.hecht.de\/hechtnews\/wp-content\/uploads\/2024\/08\/Bildschirmfoto-2024-08-10-um-10.25.22-768x1028.png 768w, https:\/\/www.hecht.de\/hechtnews\/wp-content\/uploads\/2024\/08\/Bildschirmfoto-2024-08-10-um-10.25.22-1147x1536.png 1147w, https:\/\/www.hecht.de\/hechtnews\/wp-content\/uploads\/2024\/08\/Bildschirmfoto-2024-08-10-um-10.25.22.png 1192w\" sizes=\"(max-width: 765px) 100vw, 765px\" \/><\/figure>\n","protected":false},"excerpt":{"rendered":"<p>Haben Sie schon unser neues Herbst-Magazin entdeckt? Es steckt voller Inspirationen f\u00fcr Ihr Zuhause! Von stilvollen M\u00f6beln bis hin zu eleganten Lampen \u2013 lassen Sie sich von den neuesten Trends begeistern. In unserem Magazin finden Sie kreative Ideen, um Ihre R\u00e4ume mit einzigartigen St\u00fccken in eine echte Wohlf\u00fchloase zu verwandeln. Sichern Sie sich Ihr pers\u00f6nliches&hellip;<\/p>\n","protected":false},"author":2,"featured_media":3782,"comment_status":"closed","ping_status":"closed","sticky":false,"template":"","format":"standard","meta":[],"categories":[1,160,110,111,171,194,129,147,130],"tags":[19,27],"_links":{"self":[{"href":"https:\/\/www.hecht.de\/hechtnews\/wp-json\/wp\/v2\/posts\/3640"}],"collection":[{"href":"https:\/\/www.hecht.de\/hechtnews\/wp-json\/wp\/v2\/posts"}],"about":[{"href":"https:\/\/www.hecht.de\/hechtnews\/wp-json\/wp\/v2\/types\/post"}],"author":[{"embeddable":true,"href":"https:\/\/www.hecht.de\/hechtnews\/wp-json\/wp\/v2\/users\/2"}],"replies":[{"embeddable":true,"href":"https:\/\/www.hecht.de\/hechtnews\/wp-json\/wp\/v2\/comments?post=3640"}],"version-history":[{"count":5,"href":"https:\/\/www.hecht.de\/hechtnews\/wp-json\/wp\/v2\/posts\/3640\/revisions"}],"predecessor-version":[{"id":3823,"href":"https:\/\/www.hecht.de\/hechtnews\/wp-json\/wp\/v2\/posts\/3640\/revisions\/3823"}],"wp:featuredmedia":[{"embeddable":true,"href":"https:\/\/www.hecht.de\/hechtnews\/wp-json\/wp\/v2\/media\/3782"}],"wp:attachment":[{"href":"https:\/\/www.hecht.de\/hechtnews\/wp-json\/wp\/v2\/media?parent=3640"}],"wp:term":[{"taxonomy":"category","embeddable":true,"href":"https:\/\/www.hecht.de\/hechtnews\/wp-json\/wp\/v2\/categories?post=3640"},{"taxonomy":"post_tag","embeddable":true,"href":"https:\/\/www.hecht.de\/hechtnews\/wp-json\/wp\/v2\/tags?post=3640"}],"curies":[{"name":"wp","href":"https:\/\/api.w.org\/{rel}","templated":true}]}}