{"id":3257,"date":"2023-10-13T15:24:53","date_gmt":"2023-10-13T13:24:53","guid":{"rendered":"https:\/\/www.hecht.de\/hechtnews\/?p=3257"},"modified":"2024-05-06T14:32:25","modified_gmt":"2024-05-06T12:32:25","slug":"jubilaeumsausstellung-imaestrivon-cassina","status":"publish","type":"post","link":"https:\/\/www.hecht.de\/hechtnews\/2023\/10\/13\/jubilaeumsausstellung-imaestrivon-cassina\/","title":{"rendered":"Jubil\u00e4umsausstellung &#8222;iMaestri&#8220;von Cassina"},"content":{"rendered":"\n<p>Cassina pr\u00e4sentiert mit gro\u00dfer Freude die Jubil\u00e4umsausstellung &#8222;iMaestri&#8220;, in der die ikonischen Modelle der bedeutendsten Architekten des 20. Jahrhunderts gefeiert werden, darunter die M\u00f6bel von Le Corbusier, Charlotte Perriand und Pierre Jeanneret. Nutzen Sie au\u00dferdem unser Jubil\u00e4umsangebot:<br>Profitieren Sie von einem 10% Rabatt auf alle Produkte der iMaestri Serie, unabh\u00e4ngig von Ausf\u00fchrung und Farbe. Dieses Angebot ist g\u00fcltig bis zum 31. M\u00e4rz 2024.<\/p>\n\n\n\n<p>Besuchen Sie unser gro\u00dfes Schaufenster in T\u00fcbingen und lassen Sie sich von der Vielfalt und Sch\u00f6nheit dieser M\u00f6belst\u00fccke verzaubern. Cassina steht f\u00fcr zeitloses Design und hochwertige Handwerkskunst, und wir sind stolz darauf, Ihnen diese einzigartigen Kreationen pr\u00e4sentieren zu k\u00f6nnen. Designm\u00f6bel vom Feinsten. <\/p>\n\n\n\n<p><\/p>\n\n\n\n<figure class=\"wp-block-gallery columns-1 is-cropped\"><ul class=\"blocks-gallery-grid\"><li class=\"blocks-gallery-item\"><figure><img loading=\"lazy\" width=\"627\" height=\"812\" src=\"https:\/\/www.hecht.de\/hechtnews\/wp-content\/uploads\/2023\/10\/Bildschirmfoto-2023-10-13-um-15.21.56.png\" alt=\"\" data-id=\"3259\" data-link=\"https:\/\/www.hecht.de\/hechtnews\/?attachment_id=3259\" class=\"wp-image-3259\" srcset=\"https:\/\/www.hecht.de\/hechtnews\/wp-content\/uploads\/2023\/10\/Bildschirmfoto-2023-10-13-um-15.21.56.png 627w, https:\/\/www.hecht.de\/hechtnews\/wp-content\/uploads\/2023\/10\/Bildschirmfoto-2023-10-13-um-15.21.56-232x300.png 232w\" sizes=\"(max-width: 627px) 100vw, 627px\" \/><\/figure><\/li><li class=\"blocks-gallery-item\"><figure><img loading=\"lazy\" width=\"907\" height=\"598\" src=\"https:\/\/www.hecht.de\/hechtnews\/wp-content\/uploads\/2023\/10\/Bildschirmfoto-2023-10-13-um-15.22.10-1.png\" alt=\"\" data-id=\"3261\" data-full-url=\"https:\/\/www.hecht.de\/hechtnews\/wp-content\/uploads\/2023\/10\/Bildschirmfoto-2023-10-13-um-15.22.10-1.png\" data-link=\"https:\/\/www.hecht.de\/hechtnews\/?attachment_id=3261\" class=\"wp-image-3261\" srcset=\"https:\/\/www.hecht.de\/hechtnews\/wp-content\/uploads\/2023\/10\/Bildschirmfoto-2023-10-13-um-15.22.10-1.png 907w, https:\/\/www.hecht.de\/hechtnews\/wp-content\/uploads\/2023\/10\/Bildschirmfoto-2023-10-13-um-15.22.10-1-300x198.png 300w, https:\/\/www.hecht.de\/hechtnews\/wp-content\/uploads\/2023\/10\/Bildschirmfoto-2023-10-13-um-15.22.10-1-768x506.png 768w\" sizes=\"(max-width: 907px) 100vw, 907px\" \/><\/figure><\/li><\/ul><\/figure>\n","protected":false},"excerpt":{"rendered":"<p>Cassina pr\u00e4sentiert mit gro\u00dfer Freude die Jubil\u00e4umsausstellung &#8222;iMaestri&#8220;, in der die ikonischen Modelle der bedeutendsten Architekten des 20. Jahrhunderts gefeiert werden, darunter die M\u00f6bel von Le Corbusier, Charlotte Perriand und Pierre Jeanneret. Nutzen Sie au\u00dferdem unser Jubil\u00e4umsangebot:Profitieren Sie von einem 10% Rabatt auf alle Produkte der iMaestri Serie, unabh\u00e4ngig von Ausf\u00fchrung und Farbe. Dieses Angebot&hellip;<\/p>\n","protected":false},"author":2,"featured_media":3701,"comment_status":"closed","ping_status":"closed","sticky":false,"template":"","format":"standard","meta":[],"categories":[129,147,130],"tags":[284,283],"_links":{"self":[{"href":"https:\/\/www.hecht.de\/hechtnews\/wp-json\/wp\/v2\/posts\/3257"}],"collection":[{"href":"https:\/\/www.hecht.de\/hechtnews\/wp-json\/wp\/v2\/posts"}],"about":[{"href":"https:\/\/www.hecht.de\/hechtnews\/wp-json\/wp\/v2\/types\/post"}],"author":[{"embeddable":true,"href":"https:\/\/www.hecht.de\/hechtnews\/wp-json\/wp\/v2\/users\/2"}],"replies":[{"embeddable":true,"href":"https:\/\/www.hecht.de\/hechtnews\/wp-json\/wp\/v2\/comments?post=3257"}],"version-history":[{"count":1,"href":"https:\/\/www.hecht.de\/hechtnews\/wp-json\/wp\/v2\/posts\/3257\/revisions"}],"predecessor-version":[{"id":3262,"href":"https:\/\/www.hecht.de\/hechtnews\/wp-json\/wp\/v2\/posts\/3257\/revisions\/3262"}],"wp:featuredmedia":[{"embeddable":true,"href":"https:\/\/www.hecht.de\/hechtnews\/wp-json\/wp\/v2\/media\/3701"}],"wp:attachment":[{"href":"https:\/\/www.hecht.de\/hechtnews\/wp-json\/wp\/v2\/media?parent=3257"}],"wp:term":[{"taxonomy":"category","embeddable":true,"href":"https:\/\/www.hecht.de\/hechtnews\/wp-json\/wp\/v2\/categories?post=3257"},{"taxonomy":"post_tag","embeddable":true,"href":"https:\/\/www.hecht.de\/hechtnews\/wp-json\/wp\/v2\/tags?post=3257"}],"curies":[{"name":"wp","href":"https:\/\/api.w.org\/{rel}","templated":true}]}}