{"id":3176,"date":"2023-07-29T13:42:39","date_gmt":"2023-07-29T11:42:39","guid":{"rendered":"https:\/\/www.hecht.de\/hechtnews\/?p=3176"},"modified":"2024-10-16T15:32:04","modified_gmt":"2024-10-16T13:32:04","slug":"folgen-sie-uns-auf-instagram","status":"publish","type":"post","link":"https:\/\/www.hecht.de\/hechtnews\/2023\/07\/29\/folgen-sie-uns-auf-instagram\/","title":{"rendered":"Folgen Sie uns auf Instagram"},"content":{"rendered":"\n<p>Seit einigen Jahren sind wir auch auf den Social Media Plattformen wie Facebook und Instagram unterwegs. <\/p>\n\n\n\n<p>Folgen Sie uns gerne auf&nbsp;<strong>Instagram<\/strong>, um einen Blick hinter die Kulissen zu werfen, exklusive Einblicke in neue Kollektionen zu erhalten und sich von unseren Projekten inspirieren zu lassen! Bleiben Sie immer up to date mit unseren neuesten Ideen und lassen Sie sich von unserer Leidenschaft f\u00fcr gutes Design begeistern.<\/p>\n\n\n\n<p>#hechteinrichtungen #hechtdesignfabrik #designinspiration #interiorlovers<\/p>\n\n\n\n<p><a href=\"https:\/\/www.instagram.com\/hecht_einrichtungen\/?hl=de\" target=\"_blank\" rel=\"noreferrer noopener\">https:\/\/www.instagram.com\/hecht_einrichtungen\/?hl=de<\/a><\/p>\n\n\n\n<p>N\u00e4heres auch auf der Webseite <a href=\"http:\/\/www.hecht.de\" data-type=\"URL\" data-id=\"www.hecht.de\" target=\"_blank\" rel=\"noreferrer noopener\">www.hecht.de<\/a> und <a href=\"http:\/\/www.hecht-designshop.de\" data-type=\"URL\" data-id=\"www.hecht-designshop.de\" target=\"_blank\" rel=\"noreferrer noopener\">www.hecht-designshop.de<\/a><\/p>\n\n\n\n<div class=\"wp-block-columns\">\n<div class=\"wp-block-column\" style=\"flex-basis:100%\">\n<figure class=\"wp-block-gallery columns-2 is-cropped\"><ul class=\"blocks-gallery-grid\"><li class=\"blocks-gallery-item\"><figure><img loading=\"lazy\" width=\"621\" height=\"1024\" src=\"https:\/\/www.hecht.de\/hechtnews\/wp-content\/uploads\/2023\/07\/IMG_4984-621x1024.jpg\" alt=\"\" data-id=\"3871\" data-full-url=\"https:\/\/www.hecht.de\/hechtnews\/wp-content\/uploads\/2023\/07\/IMG_4984.jpg\" data-link=\"https:\/\/www.hecht.de\/hechtnews\/2023\/07\/29\/folgen-sie-uns-auf-instagram\/img_4984\/\" class=\"wp-image-3871\" srcset=\"https:\/\/www.hecht.de\/hechtnews\/wp-content\/uploads\/2023\/07\/IMG_4984-621x1024.jpg 621w, https:\/\/www.hecht.de\/hechtnews\/wp-content\/uploads\/2023\/07\/IMG_4984-182x300.jpg 182w, https:\/\/www.hecht.de\/hechtnews\/wp-content\/uploads\/2023\/07\/IMG_4984-768x1267.jpg 768w, https:\/\/www.hecht.de\/hechtnews\/wp-content\/uploads\/2023\/07\/IMG_4984-931x1536.jpg 931w, https:\/\/www.hecht.de\/hechtnews\/wp-content\/uploads\/2023\/07\/IMG_4984-1242x2048.jpg 1242w, https:\/\/www.hecht.de\/hechtnews\/wp-content\/uploads\/2023\/07\/IMG_4984.jpg 1290w\" sizes=\"(max-width: 621px) 100vw, 621px\" \/><\/figure><\/li><li class=\"blocks-gallery-item\"><figure><img loading=\"lazy\" width=\"616\" height=\"1024\" src=\"https:\/\/www.hecht.de\/hechtnews\/wp-content\/uploads\/2023\/07\/IMG_4983-616x1024.jpg\" alt=\"\" data-id=\"3870\" data-full-url=\"https:\/\/www.hecht.de\/hechtnews\/wp-content\/uploads\/2023\/07\/IMG_4983.jpg\" data-link=\"https:\/\/www.hecht.de\/hechtnews\/2023\/07\/29\/folgen-sie-uns-auf-instagram\/img_4983\/\" class=\"wp-image-3870\" srcset=\"https:\/\/www.hecht.de\/hechtnews\/wp-content\/uploads\/2023\/07\/IMG_4983-616x1024.jpg 616w, https:\/\/www.hecht.de\/hechtnews\/wp-content\/uploads\/2023\/07\/IMG_4983-180x300.jpg 180w, https:\/\/www.hecht.de\/hechtnews\/wp-content\/uploads\/2023\/07\/IMG_4983-768x1277.jpg 768w, https:\/\/www.hecht.de\/hechtnews\/wp-content\/uploads\/2023\/07\/IMG_4983-924x1536.jpg 924w, https:\/\/www.hecht.de\/hechtnews\/wp-content\/uploads\/2023\/07\/IMG_4983-1232x2048.jpg 1232w, https:\/\/www.hecht.de\/hechtnews\/wp-content\/uploads\/2023\/07\/IMG_4983.jpg 1290w\" sizes=\"(max-width: 616px) 100vw, 616px\" \/><\/figure><\/li><\/ul><\/figure>\n<\/div>\n<\/div>\n\n\n\n<p><strong>Hecht Einrichtungen<\/strong>&nbsp;und die&nbsp;<strong>Hecht Designfabrik<\/strong>&nbsp;stehen f\u00fcr au\u00dfergew\u00f6hnliches Design, hochwertige M\u00f6bel und kreative Rauml\u00f6sungen. Seit \u00fcber 35 Jahren setzen wir mit viel Leidenschaft und Gesp\u00fcr f\u00fcr Trends individuelle Wohntr\u00e4ume um \u2013 von der ersten Idee bis zur perfekten Umsetzung. Bei uns finden Sie sorgf\u00e4ltig ausgew\u00e4hlte M\u00f6bel und Wohnaccessoires von namhaften Marken, die Design und Funktionalit\u00e4t harmonisch vereinen.<\/p>\n\n\n\n<p>In unserer&nbsp;<strong>Hecht Designfabrik<\/strong>&nbsp;entstehen inspirierende Konzepte, die R\u00e4ume neu definieren und in stilvolle Wohlf\u00fchloasen verwandeln. Ob modern, klassisch oder individuell \u2013 wir schaffen mit Ihnen gemeinsam einzigartige L\u00f6sungen, die perfekt zu Ihnen passen.<\/p>\n","protected":false},"excerpt":{"rendered":"<p>Seit einigen Jahren sind wir auch auf den Social Media Plattformen wie Facebook und Instagram unterwegs. Folgen Sie uns gerne auf&nbsp;Instagram, um einen Blick hinter die Kulissen zu werfen, exklusive Einblicke in neue Kollektionen zu erhalten und sich von unseren Projekten inspirieren zu lassen! Bleiben Sie immer up to date mit unseren neuesten Ideen und&hellip;<\/p>\n","protected":false},"author":2,"featured_media":3702,"comment_status":"closed","ping_status":"closed","sticky":false,"template":"","format":"standard","meta":[],"categories":[1],"tags":[],"_links":{"self":[{"href":"https:\/\/www.hecht.de\/hechtnews\/wp-json\/wp\/v2\/posts\/3176"}],"collection":[{"href":"https:\/\/www.hecht.de\/hechtnews\/wp-json\/wp\/v2\/posts"}],"about":[{"href":"https:\/\/www.hecht.de\/hechtnews\/wp-json\/wp\/v2\/types\/post"}],"author":[{"embeddable":true,"href":"https:\/\/www.hecht.de\/hechtnews\/wp-json\/wp\/v2\/users\/2"}],"replies":[{"embeddable":true,"href":"https:\/\/www.hecht.de\/hechtnews\/wp-json\/wp\/v2\/comments?post=3176"}],"version-history":[{"count":8,"href":"https:\/\/www.hecht.de\/hechtnews\/wp-json\/wp\/v2\/posts\/3176\/revisions"}],"predecessor-version":[{"id":3873,"href":"https:\/\/www.hecht.de\/hechtnews\/wp-json\/wp\/v2\/posts\/3176\/revisions\/3873"}],"wp:featuredmedia":[{"embeddable":true,"href":"https:\/\/www.hecht.de\/hechtnews\/wp-json\/wp\/v2\/media\/3702"}],"wp:attachment":[{"href":"https:\/\/www.hecht.de\/hechtnews\/wp-json\/wp\/v2\/media?parent=3176"}],"wp:term":[{"taxonomy":"category","embeddable":true,"href":"https:\/\/www.hecht.de\/hechtnews\/wp-json\/wp\/v2\/categories?post=3176"},{"taxonomy":"post_tag","embeddable":true,"href":"https:\/\/www.hecht.de\/hechtnews\/wp-json\/wp\/v2\/tags?post=3176"}],"curies":[{"name":"wp","href":"https:\/\/api.w.org\/{rel}","templated":true}]}}