{"id":2521,"date":"2022-04-01T16:15:56","date_gmt":"2022-04-01T14:15:56","guid":{"rendered":"https:\/\/www.hecht.de\/hechtnews\/?p=2521"},"modified":"2022-05-03T18:43:35","modified_gmt":"2022-05-03T16:43:35","slug":"akkuleuchten-gartenlampen","status":"publish","type":"post","link":"https:\/\/www.hecht.de\/hechtnews\/2022\/04\/01\/akkuleuchten-gartenlampen\/","title":{"rendered":"Akkuleuchten \/ Gartenlampen Reutlingen"},"content":{"rendered":"\n<p>Hier stellen wir Euch aktuell unsere <a href=\"http:\/\/www.hecht-designshop.de\" data-type=\"URL\" data-id=\"www.hecht-designshop.de\">Akkuleuchten<\/a> und Gartenlampen vor, die meisten haben wir in unseren beiden M\u00f6belgesch\u00e4ften und Lampengesch\u00e4ften lagernd in T\u00fcbingen und Kirchentellinsfurt nahe Reutlingen. <\/p>\n\n\n\n<p>Der Vorteil dieser Leuchten ist, dass sie flexibel einsetzbar sind. Dort wo man Licht haben m\u00f6chte, einfach hinstellen und genie\u00dfen. Durch die moderne LED-Technik halten diese Leuchten meist \u00fcber 6-10 Stunden Brenndauer. Wir haben fast alle auf Lager:) N\u00e4heres in unserem <a href=\"https:\/\/hecht-designshop.de\/search?q=akkuleuchten&amp;options%5Bprefix%5D=last\" data-type=\"URL\" data-id=\"https:\/\/hecht-designshop.de\/search?q=akkuleuchten&amp;options%5Bprefix%5D=last\">Shop auch<\/a> . <\/p>\n\n\n\n<figure class=\"wp-block-gallery columns-3 is-cropped\"><ul class=\"blocks-gallery-grid\"><li class=\"blocks-gallery-item\"><figure><img loading=\"lazy\" width=\"1022\" height=\"1024\" src=\"https:\/\/www.hecht.de\/hechtnews\/wp-content\/uploads\/2022\/05\/Bildschirmfoto-2022-03-26-um-11.44.03-1022x1024.png\" alt=\"\" data-id=\"2648\" data-full-url=\"https:\/\/www.hecht.de\/hechtnews\/wp-content\/uploads\/2022\/05\/Bildschirmfoto-2022-03-26-um-11.44.03.png\" data-link=\"https:\/\/www.hecht.de\/hechtnews\/2022\/04\/01\/akkuleuchten-gartenlampen\/bildschirmfoto-2022-03-26-um-11-44-03\/\" class=\"wp-image-2648\" srcset=\"https:\/\/www.hecht.de\/hechtnews\/wp-content\/uploads\/2022\/05\/Bildschirmfoto-2022-03-26-um-11.44.03-1022x1024.png 1022w, https:\/\/www.hecht.de\/hechtnews\/wp-content\/uploads\/2022\/05\/Bildschirmfoto-2022-03-26-um-11.44.03-300x300.png 300w, https:\/\/www.hecht.de\/hechtnews\/wp-content\/uploads\/2022\/05\/Bildschirmfoto-2022-03-26-um-11.44.03-150x150.png 150w, https:\/\/www.hecht.de\/hechtnews\/wp-content\/uploads\/2022\/05\/Bildschirmfoto-2022-03-26-um-11.44.03-768x769.png 768w, https:\/\/www.hecht.de\/hechtnews\/wp-content\/uploads\/2022\/05\/Bildschirmfoto-2022-03-26-um-11.44.03.png 1036w\" sizes=\"(max-width: 1022px) 100vw, 1022px\" \/><figcaption class=\"blocks-gallery-item__caption\">NEW<\/figcaption><\/figure><\/li><li class=\"blocks-gallery-item\"><figure><img loading=\"lazy\" width=\"770\" height=\"1024\" src=\"https:\/\/www.hecht.de\/hechtnews\/wp-content\/uploads\/2022\/03\/Bildschirmfoto-2022-03-09-um-15.49.12-1-770x1024.png\" alt=\"verkaufsoffener Sonntag T\u00fcbingen\" data-id=\"2483\" data-link=\"https:\/\/www.hecht.de\/hechtnews\/2022\/03\/09\/gartenmoebel-bei-hecht-im-kreis-tuebingen-reutlingen\/bildschirmfoto-2022-03-09-um-15-49-12-1\/\" class=\"wp-image-2483\" srcset=\"https:\/\/www.hecht.de\/hechtnews\/wp-content\/uploads\/2022\/03\/Bildschirmfoto-2022-03-09-um-15.49.12-1-770x1024.png 770w, https:\/\/www.hecht.de\/hechtnews\/wp-content\/uploads\/2022\/03\/Bildschirmfoto-2022-03-09-um-15.49.12-1-226x300.png 226w, https:\/\/www.hecht.de\/hechtnews\/wp-content\/uploads\/2022\/03\/Bildschirmfoto-2022-03-09-um-15.49.12-1-768x1021.png 768w, https:\/\/www.hecht.de\/hechtnews\/wp-content\/uploads\/2022\/03\/Bildschirmfoto-2022-03-09-um-15.49.12-1.png 978w\" sizes=\"(max-width: 770px) 100vw, 770px\" \/><figcaption class=\"blocks-gallery-item__caption\">Fermob BALAD<\/figcaption><\/figure><\/li><li class=\"blocks-gallery-item\"><figure><img loading=\"lazy\" width=\"767\" height=\"1024\" src=\"https:\/\/www.hecht.de\/hechtnews\/wp-content\/uploads\/2022\/03\/Bildschirmfoto-2022-03-09-um-15.54.30-767x1024.png\" alt=\"\" data-id=\"2478\" data-link=\"https:\/\/www.hecht.de\/hechtnews\/2022\/03\/09\/gartenmoebel-bei-hecht-im-kreis-tuebingen-reutlingen\/bildschirmfoto-2022-03-09-um-15-54-30\/\" class=\"wp-image-2478\" srcset=\"https:\/\/www.hecht.de\/hechtnews\/wp-content\/uploads\/2022\/03\/Bildschirmfoto-2022-03-09-um-15.54.30-767x1024.png 767w, https:\/\/www.hecht.de\/hechtnews\/wp-content\/uploads\/2022\/03\/Bildschirmfoto-2022-03-09-um-15.54.30-225x300.png 225w, https:\/\/www.hecht.de\/hechtnews\/wp-content\/uploads\/2022\/03\/Bildschirmfoto-2022-03-09-um-15.54.30-768x1025.png 768w, https:\/\/www.hecht.de\/hechtnews\/wp-content\/uploads\/2022\/03\/Bildschirmfoto-2022-03-09-um-15.54.30.png 974w\" sizes=\"(max-width: 767px) 100vw, 767px\" \/><figcaption class=\"blocks-gallery-item__caption\">Poldina und LIX<\/figcaption><\/figure><\/li><li class=\"blocks-gallery-item\"><figure><img loading=\"lazy\" width=\"765\" height=\"1024\" src=\"https:\/\/www.hecht.de\/hechtnews\/wp-content\/uploads\/2021\/12\/Bildschirmfoto-2021-12-14-um-13.11.30-765x1024.png\" alt=\"\" data-id=\"2327\" data-link=\"https:\/\/www.hecht.de\/hechtnews\/2022\/03\/07\/oeffnungszeiten\/bildschirmfoto-2021-12-14-um-13-11-30\/\" class=\"wp-image-2327\" srcset=\"https:\/\/www.hecht.de\/hechtnews\/wp-content\/uploads\/2021\/12\/Bildschirmfoto-2021-12-14-um-13.11.30-765x1024.png 765w, https:\/\/www.hecht.de\/hechtnews\/wp-content\/uploads\/2021\/12\/Bildschirmfoto-2021-12-14-um-13.11.30-224x300.png 224w, https:\/\/www.hecht.de\/hechtnews\/wp-content\/uploads\/2021\/12\/Bildschirmfoto-2021-12-14-um-13.11.30-768x1029.png 768w, https:\/\/www.hecht.de\/hechtnews\/wp-content\/uploads\/2021\/12\/Bildschirmfoto-2021-12-14-um-13.11.30.png 902w\" sizes=\"(max-width: 765px) 100vw, 765px\" \/><figcaption class=\"blocks-gallery-item__caption\">FIL Solarleuchte<\/figcaption><\/figure><\/li><li class=\"blocks-gallery-item\"><figure><img loading=\"lazy\" width=\"749\" height=\"1024\" src=\"https:\/\/www.hecht.de\/hechtnews\/wp-content\/uploads\/2020\/12\/Bildschirmfoto-2020-12-19-um-12.11.49-749x1024.png\" alt=\"\" data-id=\"1703\" data-link=\"https:\/\/www.hecht.de\/hechtnews\/?attachment_id=1703\" class=\"wp-image-1703\" srcset=\"https:\/\/www.hecht.de\/hechtnews\/wp-content\/uploads\/2020\/12\/Bildschirmfoto-2020-12-19-um-12.11.49-749x1024.png 749w, https:\/\/www.hecht.de\/hechtnews\/wp-content\/uploads\/2020\/12\/Bildschirmfoto-2020-12-19-um-12.11.49-220x300.png 220w, https:\/\/www.hecht.de\/hechtnews\/wp-content\/uploads\/2020\/12\/Bildschirmfoto-2020-12-19-um-12.11.49-768x1050.png 768w, https:\/\/www.hecht.de\/hechtnews\/wp-content\/uploads\/2020\/12\/Bildschirmfoto-2020-12-19-um-12.11.49.png 878w\" sizes=\"(max-width: 749px) 100vw, 749px\" \/><figcaption class=\"blocks-gallery-item__caption\">Panthella <\/figcaption><\/figure><\/li><li class=\"blocks-gallery-item\"><figure><img loading=\"lazy\" width=\"1024\" height=\"1024\" src=\"https:\/\/www.hecht.de\/hechtnews\/wp-content\/uploads\/2022\/05\/Bildschirmfoto-2022-03-26-um-11.44.18-1024x1024.png\" alt=\"\" data-id=\"2647\" data-full-url=\"https:\/\/www.hecht.de\/hechtnews\/wp-content\/uploads\/2022\/05\/Bildschirmfoto-2022-03-26-um-11.44.18.png\" data-link=\"https:\/\/www.hecht.de\/hechtnews\/2022\/04\/01\/akkuleuchten-gartenlampen\/bildschirmfoto-2022-03-26-um-11-44-18\/\" class=\"wp-image-2647\" srcset=\"https:\/\/www.hecht.de\/hechtnews\/wp-content\/uploads\/2022\/05\/Bildschirmfoto-2022-03-26-um-11.44.18-1024x1024.png 1024w, https:\/\/www.hecht.de\/hechtnews\/wp-content\/uploads\/2022\/05\/Bildschirmfoto-2022-03-26-um-11.44.18-300x300.png 300w, https:\/\/www.hecht.de\/hechtnews\/wp-content\/uploads\/2022\/05\/Bildschirmfoto-2022-03-26-um-11.44.18-150x150.png 150w, https:\/\/www.hecht.de\/hechtnews\/wp-content\/uploads\/2022\/05\/Bildschirmfoto-2022-03-26-um-11.44.18-768x768.png 768w, https:\/\/www.hecht.de\/hechtnews\/wp-content\/uploads\/2022\/05\/Bildschirmfoto-2022-03-26-um-11.44.18.png 1032w\" sizes=\"(max-width: 1024px) 100vw, 1024px\" \/><figcaption class=\"blocks-gallery-item__caption\">NEW<\/figcaption><\/figure><\/li><li class=\"blocks-gallery-item\"><figure><img loading=\"lazy\" width=\"768\" height=\"1024\" src=\"https:\/\/www.hecht.de\/hechtnews\/wp-content\/uploads\/2020\/07\/IMG_7169-768x1024.jpg\" alt=\"\" data-id=\"1548\" data-link=\"https:\/\/www.hecht.de\/hechtnews\/2020\/07\/25\/ip44-akkulampen-eingetroffen\/img_7169\/\" class=\"wp-image-1548\" srcset=\"https:\/\/www.hecht.de\/hechtnews\/wp-content\/uploads\/2020\/07\/IMG_7169-768x1024.jpg 768w, https:\/\/www.hecht.de\/hechtnews\/wp-content\/uploads\/2020\/07\/IMG_7169-225x300.jpg 225w, https:\/\/www.hecht.de\/hechtnews\/wp-content\/uploads\/2020\/07\/IMG_7169.jpg 1512w\" sizes=\"(max-width: 768px) 100vw, 768px\" \/><figcaption class=\"blocks-gallery-item__caption\">LIX <\/figcaption><\/figure><\/li><li class=\"blocks-gallery-item\"><figure><img loading=\"lazy\" width=\"1022\" height=\"1024\" src=\"https:\/\/www.hecht.de\/hechtnews\/wp-content\/uploads\/2022\/04\/Bildschirmfoto-2022-03-26-um-11.43.34-1022x1024.png\" alt=\"\" data-id=\"2522\" data-link=\"https:\/\/www.hecht.de\/hechtnews\/?attachment_id=2522\" class=\"wp-image-2522\" srcset=\"https:\/\/www.hecht.de\/hechtnews\/wp-content\/uploads\/2022\/04\/Bildschirmfoto-2022-03-26-um-11.43.34-1022x1024.png 1022w, https:\/\/www.hecht.de\/hechtnews\/wp-content\/uploads\/2022\/04\/Bildschirmfoto-2022-03-26-um-11.43.34-300x300.png 300w, https:\/\/www.hecht.de\/hechtnews\/wp-content\/uploads\/2022\/04\/Bildschirmfoto-2022-03-26-um-11.43.34-150x150.png 150w, https:\/\/www.hecht.de\/hechtnews\/wp-content\/uploads\/2022\/04\/Bildschirmfoto-2022-03-26-um-11.43.34-768x769.png 768w, https:\/\/www.hecht.de\/hechtnews\/wp-content\/uploads\/2022\/04\/Bildschirmfoto-2022-03-26-um-11.43.34.png 1034w\" sizes=\"(max-width: 1022px) 100vw, 1022px\" \/><figcaption class=\"blocks-gallery-item__caption\">NEW <\/figcaption><\/figure><\/li><li class=\"blocks-gallery-item\"><figure><img loading=\"lazy\" width=\"852\" height=\"906\" src=\"https:\/\/www.hecht.de\/hechtnews\/wp-content\/uploads\/2022\/04\/Bildschirmfoto-2022-04-01-um-16.17.38.png\" alt=\"\" data-id=\"2524\" data-link=\"https:\/\/www.hecht.de\/hechtnews\/2022\/04\/01\/akkuleuchten-gartenlampen\/bildschirmfoto-2022-04-01-um-16-17-38\/\" class=\"wp-image-2524\" srcset=\"https:\/\/www.hecht.de\/hechtnews\/wp-content\/uploads\/2022\/04\/Bildschirmfoto-2022-04-01-um-16.17.38.png 852w, https:\/\/www.hecht.de\/hechtnews\/wp-content\/uploads\/2022\/04\/Bildschirmfoto-2022-04-01-um-16.17.38-282x300.png 282w, https:\/\/www.hecht.de\/hechtnews\/wp-content\/uploads\/2022\/04\/Bildschirmfoto-2022-04-01-um-16.17.38-768x817.png 768w\" sizes=\"(max-width: 852px) 100vw, 852px\" \/><figcaption class=\"blocks-gallery-item__caption\">neu eingetroffen <\/figcaption><\/figure><\/li><li class=\"blocks-gallery-item\"><figure><img loading=\"lazy\" width=\"988\" height=\"942\" src=\"https:\/\/www.hecht.de\/hechtnews\/wp-content\/uploads\/2020\/03\/Bildschirmfoto-2020-03-25-um-16.11.23.png\" alt=\"\" data-id=\"1184\" data-link=\"https:\/\/www.hecht.de\/hechtnews\/2020\/03\/25\/akkuleuchten-bei-hecht\/bildschirmfoto-2020-03-25-um-16-11-23\/\" class=\"wp-image-1184\" srcset=\"https:\/\/www.hecht.de\/hechtnews\/wp-content\/uploads\/2020\/03\/Bildschirmfoto-2020-03-25-um-16.11.23.png 988w, https:\/\/www.hecht.de\/hechtnews\/wp-content\/uploads\/2020\/03\/Bildschirmfoto-2020-03-25-um-16.11.23-300x286.png 300w, https:\/\/www.hecht.de\/hechtnews\/wp-content\/uploads\/2020\/03\/Bildschirmfoto-2020-03-25-um-16.11.23-768x732.png 768w\" sizes=\"(max-width: 988px) 100vw, 988px\" \/><figcaption class=\"blocks-gallery-item__caption\">Follow me<\/figcaption><\/figure><\/li><li class=\"blocks-gallery-item\"><figure><img loading=\"lazy\" width=\"768\" height=\"1024\" src=\"https:\/\/www.hecht.de\/hechtnews\/wp-content\/uploads\/2020\/05\/IMG_5681-768x1024.jpg\" alt=\"\" data-id=\"1467\" data-link=\"https:\/\/www.hecht.de\/hechtnews\/?attachment_id=1467\" class=\"wp-image-1467\" srcset=\"https:\/\/www.hecht.de\/hechtnews\/wp-content\/uploads\/2020\/05\/IMG_5681-768x1024.jpg 768w, https:\/\/www.hecht.de\/hechtnews\/wp-content\/uploads\/2020\/05\/IMG_5681-225x300.jpg 225w, https:\/\/www.hecht.de\/hechtnews\/wp-content\/uploads\/2020\/05\/IMG_5681.jpg 1512w\" sizes=\"(max-width: 768px) 100vw, 768px\" \/><figcaption class=\"blocks-gallery-item__caption\">Fermob<\/figcaption><\/figure><\/li><li class=\"blocks-gallery-item\"><figure><img loading=\"lazy\" width=\"1024\" height=\"826\" src=\"https:\/\/www.hecht.de\/hechtnews\/wp-content\/uploads\/2020\/03\/Bildschirmfoto-2020-03-24-um-09.25.27-1024x826.png\" alt=\"\" data-id=\"1178\" data-link=\"https:\/\/www.hecht.de\/hechtnews\/2020\/03\/25\/akkuleuchten-bei-hecht\/bildschirmfoto-2020-03-24-um-09-25-27\/\" class=\"wp-image-1178\" srcset=\"https:\/\/www.hecht.de\/hechtnews\/wp-content\/uploads\/2020\/03\/Bildschirmfoto-2020-03-24-um-09.25.27-1024x826.png 1024w, https:\/\/www.hecht.de\/hechtnews\/wp-content\/uploads\/2020\/03\/Bildschirmfoto-2020-03-24-um-09.25.27-300x242.png 300w, https:\/\/www.hecht.de\/hechtnews\/wp-content\/uploads\/2020\/03\/Bildschirmfoto-2020-03-24-um-09.25.27-768x620.png 768w, https:\/\/www.hecht.de\/hechtnews\/wp-content\/uploads\/2020\/03\/Bildschirmfoto-2020-03-24-um-09.25.27.png 1544w\" sizes=\"(max-width: 1024px) 100vw, 1024px\" \/><figcaption class=\"blocks-gallery-item__caption\">Roxanne FLY<\/figcaption><\/figure><\/li><\/ul><\/figure>\n\n\n\n<p><a href=\"http:\/\/www.hecht.de\" data-type=\"URL\" data-id=\"www.hecht.de\">zur\u00fcck zu hecht.<\/a><\/p>\n","protected":false},"excerpt":{"rendered":"<p>Hier stellen wir Euch aktuell unsere Akkuleuchten und Gartenlampen vor, die meisten haben wir in unseren beiden M\u00f6belgesch\u00e4ften und Lampengesch\u00e4ften lagernd in T\u00fcbingen und Kirchentellinsfurt nahe Reutlingen. Der Vorteil dieser Leuchten ist, dass sie flexibel einsetzbar sind. Dort wo man Licht haben m\u00f6chte, einfach hinstellen und genie\u00dfen. Durch die moderne LED-Technik halten diese Leuchten meist&hellip;<\/p>\n","protected":false},"author":2,"featured_media":2522,"comment_status":"closed","ping_status":"closed","sticky":false,"template":"","format":"standard","meta":[],"categories":[1,179,110],"tags":[177,234,69,202],"_links":{"self":[{"href":"https:\/\/www.hecht.de\/hechtnews\/wp-json\/wp\/v2\/posts\/2521"}],"collection":[{"href":"https:\/\/www.hecht.de\/hechtnews\/wp-json\/wp\/v2\/posts"}],"about":[{"href":"https:\/\/www.hecht.de\/hechtnews\/wp-json\/wp\/v2\/types\/post"}],"author":[{"embeddable":true,"href":"https:\/\/www.hecht.de\/hechtnews\/wp-json\/wp\/v2\/users\/2"}],"replies":[{"embeddable":true,"href":"https:\/\/www.hecht.de\/hechtnews\/wp-json\/wp\/v2\/comments?post=2521"}],"version-history":[{"count":10,"href":"https:\/\/www.hecht.de\/hechtnews\/wp-json\/wp\/v2\/posts\/2521\/revisions"}],"predecessor-version":[{"id":2651,"href":"https:\/\/www.hecht.de\/hechtnews\/wp-json\/wp\/v2\/posts\/2521\/revisions\/2651"}],"wp:featuredmedia":[{"embeddable":true,"href":"https:\/\/www.hecht.de\/hechtnews\/wp-json\/wp\/v2\/media\/2522"}],"wp:attachment":[{"href":"https:\/\/www.hecht.de\/hechtnews\/wp-json\/wp\/v2\/media?parent=2521"}],"wp:term":[{"taxonomy":"category","embeddable":true,"href":"https:\/\/www.hecht.de\/hechtnews\/wp-json\/wp\/v2\/categories?post=2521"},{"taxonomy":"post_tag","embeddable":true,"href":"https:\/\/www.hecht.de\/hechtnews\/wp-json\/wp\/v2\/tags?post=2521"}],"curies":[{"name":"wp","href":"https:\/\/api.w.org\/{rel}","templated":true}]}}