{"id":207,"date":"2018-08-27T08:00:39","date_gmt":"2018-08-27T06:00:39","guid":{"rendered":"https:\/\/www.hecht.de\/hechtnews\/?p=207"},"modified":"2020-03-28T13:15:21","modified_gmt":"2020-03-28T12:15:21","slug":"eames-fiberglass-chair-premiere-in-der-hecht-designfabrik-am-21-09-2018","status":"publish","type":"post","link":"https:\/\/www.hecht.de\/hechtnews\/2018\/08\/27\/eames-fiberglass-chair-premiere-in-der-hecht-designfabrik-am-21-09-2018\/","title":{"rendered":"R\u00fcckblick Eames Fiberglass Chair Premiere in der hecht designfabrik"},"content":{"rendered":"<p>am vergangenen Freitag hatten wir unseren Premieren-Abend mit den Fiberglas-St\u00fchlen und weiteren Eames Klassikern von vitra.<\/p>\n<p>Dank an unsere Partner Vitra, occhio, DLS Automobile Fellbach und S\u00fcdtiroler Pfullingen f\u00fcr Ihre Unterst\u00fctzung.<\/p>\n<div id='gallery-1' class='gallery galleryid-207 gallery-columns-3 gallery-size-thumbnail'><figure class='gallery-item'>\n\t\t\t<div class='gallery-icon landscape'>\n\t\t\t\t<a href='https:\/\/www.hecht.de\/hechtnews\/2018\/08\/27\/eames-fiberglass-chair-premiere-in-der-hecht-designfabrik-am-21-09-2018\/dsc07682\/'><img width=\"150\" height=\"150\" src=\"https:\/\/www.hecht.de\/hechtnews\/wp-content\/uploads\/2018\/08\/DSC07682-150x150.jpg\" class=\"attachment-thumbnail size-thumbnail\" alt=\"\" loading=\"lazy\" aria-describedby=\"gallery-1-238\" itemprop=\"image\" \/><\/a>\n\t\t\t<\/div>\n\t\t\t\t<figcaption class='wp-caption-text gallery-caption' id='gallery-1-238'>\n\t\t\t\tEames Vitra Event mit DLS Automobile\n\t\t\t\t<\/figcaption><\/figure><figure class='gallery-item'>\n\t\t\t<div class='gallery-icon landscape'>\n\t\t\t\t<a href='https:\/\/www.hecht.de\/hechtnews\/2018\/08\/27\/eames-fiberglass-chair-premiere-in-der-hecht-designfabrik-am-21-09-2018\/bildschirmfoto-2018-09-26-um-13-07-05\/'><img width=\"150\" height=\"150\" src=\"https:\/\/www.hecht.de\/hechtnews\/wp-content\/uploads\/2018\/08\/Bildschirmfoto-2018-09-26-um-13.07.05-150x150.png\" class=\"attachment-thumbnail size-thumbnail\" alt=\"\" loading=\"lazy\" itemprop=\"image\" \/><\/a>\n\t\t\t<\/div><\/figure><figure class='gallery-item'>\n\t\t\t<div class='gallery-icon landscape'>\n\t\t\t\t<a href='https:\/\/www.hecht.de\/hechtnews\/2018\/08\/27\/eames-fiberglass-chair-premiere-in-der-hecht-designfabrik-am-21-09-2018\/bildschirmfoto-2018-09-26-um-13-07-16\/'><img width=\"150\" height=\"150\" src=\"https:\/\/www.hecht.de\/hechtnews\/wp-content\/uploads\/2018\/08\/Bildschirmfoto-2018-09-26-um-13.07.16-150x150.png\" class=\"attachment-thumbnail size-thumbnail\" alt=\"\" loading=\"lazy\" itemprop=\"image\" \/><\/a>\n\t\t\t<\/div><\/figure><figure class='gallery-item'>\n\t\t\t<div class='gallery-icon landscape'>\n\t\t\t\t<a href='https:\/\/www.hecht.de\/hechtnews\/2018\/08\/27\/eames-fiberglass-chair-premiere-in-der-hecht-designfabrik-am-21-09-2018\/dsc07670\/'><img width=\"150\" height=\"150\" src=\"https:\/\/www.hecht.de\/hechtnews\/wp-content\/uploads\/2018\/08\/DSC07670-150x150.jpg\" class=\"attachment-thumbnail size-thumbnail\" alt=\"\" loading=\"lazy\" aria-describedby=\"gallery-1-248\" itemprop=\"image\" \/><\/a>\n\t\t\t<\/div>\n\t\t\t\t<figcaption class='wp-caption-text gallery-caption' id='gallery-1-248'>\n\t\t\t\tEames Vitra Event bei hecht designfabrik\n\t\t\t\t<\/figcaption><\/figure><figure class='gallery-item'>\n\t\t\t<div class='gallery-icon landscape'>\n\t\t\t\t<a href='https:\/\/www.hecht.de\/hechtnews\/2018\/08\/27\/eames-fiberglass-chair-premiere-in-der-hecht-designfabrik-am-21-09-2018\/bildschirmfoto-2018-09-26-um-13-25-35\/'><img width=\"150\" height=\"150\" src=\"https:\/\/www.hecht.de\/hechtnews\/wp-content\/uploads\/2018\/08\/Bildschirmfoto-2018-09-26-um-13.25.35-150x150.png\" class=\"attachment-thumbnail size-thumbnail\" alt=\"\" loading=\"lazy\" itemprop=\"image\" \/><\/a>\n\t\t\t<\/div><\/figure><figure class='gallery-item'>\n\t\t\t<div class='gallery-icon landscape'>\n\t\t\t\t<a href='https:\/\/www.hecht.de\/hechtnews\/2018\/08\/27\/eames-fiberglass-chair-premiere-in-der-hecht-designfabrik-am-21-09-2018\/bildschirmfoto-2018-09-26-um-13-25-19\/'><img width=\"150\" height=\"150\" src=\"https:\/\/www.hecht.de\/hechtnews\/wp-content\/uploads\/2018\/08\/Bildschirmfoto-2018-09-26-um-13.25.19-150x150.png\" class=\"attachment-thumbnail size-thumbnail\" alt=\"\" loading=\"lazy\" itemprop=\"image\" \/><\/a>\n\t\t\t<\/div><\/figure><figure class='gallery-item'>\n\t\t\t<div class='gallery-icon landscape'>\n\t\t\t\t<a href='https:\/\/www.hecht.de\/hechtnews\/2018\/08\/27\/eames-fiberglass-chair-premiere-in-der-hecht-designfabrik-am-21-09-2018\/bildschirmfoto-2018-09-26-um-13-25-03\/'><img width=\"150\" height=\"150\" src=\"https:\/\/www.hecht.de\/hechtnews\/wp-content\/uploads\/2018\/08\/Bildschirmfoto-2018-09-26-um-13.25.03-150x150.png\" class=\"attachment-thumbnail size-thumbnail\" alt=\"\" loading=\"lazy\" itemprop=\"image\" \/><\/a>\n\t\t\t<\/div><\/figure><figure class='gallery-item'>\n\t\t\t<div class='gallery-icon landscape'>\n\t\t\t\t<a href='https:\/\/www.hecht.de\/hechtnews\/2018\/08\/27\/eames-fiberglass-chair-premiere-in-der-hecht-designfabrik-am-21-09-2018\/bildschirmfoto-2018-09-26-um-13-06-13\/'><img width=\"150\" height=\"150\" src=\"https:\/\/www.hecht.de\/hechtnews\/wp-content\/uploads\/2018\/08\/Bildschirmfoto-2018-09-26-um-13.06.13-150x150.png\" class=\"attachment-thumbnail size-thumbnail\" alt=\"\" loading=\"lazy\" aria-describedby=\"gallery-1-229\" itemprop=\"image\" \/><\/a>\n\t\t\t<\/div>\n\t\t\t\t<figcaption class='wp-caption-text gallery-caption' id='gallery-1-229'>\n\t\t\t\tEames Vitra Event mit DLS Automobile\n\t\t\t\t<\/figcaption><\/figure><figure class='gallery-item'>\n\t\t\t<div class='gallery-icon landscape'>\n\t\t\t\t<a href='https:\/\/www.hecht.de\/hechtnews\/2018\/08\/27\/eames-fiberglass-chair-premiere-in-der-hecht-designfabrik-am-21-09-2018\/bildschirmfoto-2018-09-26-um-13-06-37\/'><img width=\"150\" height=\"150\" src=\"https:\/\/www.hecht.de\/hechtnews\/wp-content\/uploads\/2018\/08\/Bildschirmfoto-2018-09-26-um-13.06.37-150x150.png\" class=\"attachment-thumbnail size-thumbnail\" alt=\"\" loading=\"lazy\" aria-describedby=\"gallery-1-228\" itemprop=\"image\" \/><\/a>\n\t\t\t<\/div>\n\t\t\t\t<figcaption class='wp-caption-text gallery-caption' id='gallery-1-228'>\n\t\t\t\tEames Vitra Event mit DLS Automobile\n\t\t\t\t<\/figcaption><\/figure><figure class='gallery-item'>\n\t\t\t<div class='gallery-icon landscape'>\n\t\t\t\t<a href='https:\/\/www.hecht.de\/hechtnews\/2018\/08\/27\/eames-fiberglass-chair-premiere-in-der-hecht-designfabrik-am-21-09-2018\/bildschirmfoto-2018-09-26-um-13-06-52\/'><img width=\"150\" height=\"150\" src=\"https:\/\/www.hecht.de\/hechtnews\/wp-content\/uploads\/2018\/08\/Bildschirmfoto-2018-09-26-um-13.06.52-150x150.png\" class=\"attachment-thumbnail size-thumbnail\" alt=\"\" loading=\"lazy\" aria-describedby=\"gallery-1-227\" itemprop=\"image\" \/><\/a>\n\t\t\t<\/div>\n\t\t\t\t<figcaption class='wp-caption-text gallery-caption' id='gallery-1-227'>\n\t\t\t\tEames Vitra Event mit DLS Automobile\n\t\t\t\t<\/figcaption><\/figure><figure class='gallery-item'>\n\t\t\t<div class='gallery-icon portrait'>\n\t\t\t\t<a href='https:\/\/www.hecht.de\/hechtnews\/2018\/08\/27\/eames-fiberglass-chair-premiere-in-der-hecht-designfabrik-am-21-09-2018\/bildschirmfoto-2018-09-26-um-13-07-35\/'><img width=\"150\" height=\"150\" src=\"https:\/\/www.hecht.de\/hechtnews\/wp-content\/uploads\/2018\/08\/Bildschirmfoto-2018-09-26-um-13.07.35-150x150.png\" class=\"attachment-thumbnail size-thumbnail\" alt=\"\" loading=\"lazy\" aria-describedby=\"gallery-1-224\" itemprop=\"image\" \/><\/a>\n\t\t\t<\/div>\n\t\t\t\t<figcaption class='wp-caption-text gallery-caption' id='gallery-1-224'>\n\t\t\t\tEames Vitra Event bei hecht designfabrik\n\t\t\t\t<\/figcaption><\/figure><figure class='gallery-item'>\n\t\t\t<div class='gallery-icon landscape'>\n\t\t\t\t<a href='https:\/\/www.hecht.de\/hechtnews\/2018\/08\/27\/eames-fiberglass-chair-premiere-in-der-hecht-designfabrik-am-21-09-2018\/bildschirmfoto-2018-09-26-um-13-07-53\/'><img width=\"150\" height=\"150\" src=\"https:\/\/www.hecht.de\/hechtnews\/wp-content\/uploads\/2018\/08\/Bildschirmfoto-2018-09-26-um-13.07.53-150x150.png\" class=\"attachment-thumbnail size-thumbnail\" alt=\"\" loading=\"lazy\" aria-describedby=\"gallery-1-223\" itemprop=\"image\" \/><\/a>\n\t\t\t<\/div>\n\t\t\t\t<figcaption class='wp-caption-text gallery-caption' id='gallery-1-223'>\n\t\t\t\tEames Vitra Event mit DLS Automobile\n\t\t\t\t<\/figcaption><\/figure>\n\t\t<\/div>\n\n<p>&nbsp;<\/p>\n","protected":false},"excerpt":{"rendered":"<p>am vergangenen Freitag hatten wir unseren Premieren-Abend mit den Fiberglas-St\u00fchlen und weiteren Eames Klassikern von vitra. Dank an unsere Partner Vitra, occhio, DLS Automobile Fellbach und S\u00fcdtiroler Pfullingen f\u00fcr Ihre Unterst\u00fctzung. &nbsp;<\/p>\n","protected":false},"author":2,"featured_media":208,"comment_status":"closed","ping_status":"closed","sticky":false,"template":"","format":"standard","meta":[],"categories":[147],"tags":[],"_links":{"self":[{"href":"https:\/\/www.hecht.de\/hechtnews\/wp-json\/wp\/v2\/posts\/207"}],"collection":[{"href":"https:\/\/www.hecht.de\/hechtnews\/wp-json\/wp\/v2\/posts"}],"about":[{"href":"https:\/\/www.hecht.de\/hechtnews\/wp-json\/wp\/v2\/types\/post"}],"author":[{"embeddable":true,"href":"https:\/\/www.hecht.de\/hechtnews\/wp-json\/wp\/v2\/users\/2"}],"replies":[{"embeddable":true,"href":"https:\/\/www.hecht.de\/hechtnews\/wp-json\/wp\/v2\/comments?post=207"}],"version-history":[{"count":15,"href":"https:\/\/www.hecht.de\/hechtnews\/wp-json\/wp\/v2\/posts\/207\/revisions"}],"predecessor-version":[{"id":249,"href":"https:\/\/www.hecht.de\/hechtnews\/wp-json\/wp\/v2\/posts\/207\/revisions\/249"}],"wp:featuredmedia":[{"embeddable":true,"href":"https:\/\/www.hecht.de\/hechtnews\/wp-json\/wp\/v2\/media\/208"}],"wp:attachment":[{"href":"https:\/\/www.hecht.de\/hechtnews\/wp-json\/wp\/v2\/media?parent=207"}],"wp:term":[{"taxonomy":"category","embeddable":true,"href":"https:\/\/www.hecht.de\/hechtnews\/wp-json\/wp\/v2\/categories?post=207"},{"taxonomy":"post_tag","embeddable":true,"href":"https:\/\/www.hecht.de\/hechtnews\/wp-json\/wp\/v2\/tags?post=207"}],"curies":[{"name":"wp","href":"https:\/\/api.w.org\/{rel}","templated":true}]}}