{"id":1989,"date":"2021-04-30T16:21:58","date_gmt":"2021-04-30T14:21:58","guid":{"rendered":"https:\/\/www.hecht.de\/hechtnews\/?p=1989"},"modified":"2021-04-30T16:23:33","modified_gmt":"2021-04-30T14:23:33","slug":"make-your-home-work-vitra-und-hecht","status":"publish","type":"post","link":"https:\/\/www.hecht.de\/hechtnews\/2021\/04\/30\/make-your-home-work-vitra-und-hecht\/","title":{"rendered":"Make Your Home Work &#8211; vitra und hecht"},"content":{"rendered":"\n<p><strong>Eine jahrzehntelange Innovationshistorie<\/strong><\/p>\n\n\n\n<p>Bei Vitra stellen wir seit \u00fcber 40 Jahren Arbeitsst\u00fchle her und konzentrieren uns dabei auf Designs, die ein gesundes, dynamisches Sitzen f\u00f6rdern. Unsere Erfahrung hat uns gelehrt, dass es dabei auf vordergr\u00fcndig unauff\u00e4llige Details und nahtlos integrierte Funktionen besonders ankommt. Als Hersteller wissen wir, dass uns die Arbeitswelt, die sich st\u00e4ndig ver\u00e4ndert, immer wieder vor Herausforderungen stellt.&nbsp;<\/p>\n\n\n\n<p>Indem wir modernste Komponenten, zeitloses Design und h\u00f6chste Qualit\u00e4t kombinieren, sorgen wir daf\u00fcr, dass in unsere B\u00fcrostuhl-Kollektion auch weiterhin die neuesten Erkenntnisse \u00fcber gesundes Sitzen einfliessen.<\/p>\n\n\n\n<figure class=\"wp-block-gallery columns-3 is-cropped\"><ul class=\"blocks-gallery-grid\"><li class=\"blocks-gallery-item\"><figure><img loading=\"lazy\" width=\"1024\" height=\"544\" src=\"https:\/\/www.hecht.de\/hechtnews\/wp-content\/uploads\/2021\/04\/Make_your_home_work_1920x1020_fin_5-1024x544.jpg\" alt=\"\" data-id=\"1991\" data-full-url=\"https:\/\/www.hecht.de\/hechtnews\/wp-content\/uploads\/2021\/04\/Make_your_home_work_1920x1020_fin_5.jpg\" data-link=\"https:\/\/www.hecht.de\/hechtnews\/?attachment_id=1991\" class=\"wp-image-1991\" srcset=\"https:\/\/www.hecht.de\/hechtnews\/wp-content\/uploads\/2021\/04\/Make_your_home_work_1920x1020_fin_5-1024x544.jpg 1024w, https:\/\/www.hecht.de\/hechtnews\/wp-content\/uploads\/2021\/04\/Make_your_home_work_1920x1020_fin_5-300x159.jpg 300w, https:\/\/www.hecht.de\/hechtnews\/wp-content\/uploads\/2021\/04\/Make_your_home_work_1920x1020_fin_5-768x408.jpg 768w, https:\/\/www.hecht.de\/hechtnews\/wp-content\/uploads\/2021\/04\/Make_your_home_work_1920x1020_fin_5-1536x816.jpg 1536w, https:\/\/www.hecht.de\/hechtnews\/wp-content\/uploads\/2021\/04\/Make_your_home_work_1920x1020_fin_5.jpg 1920w\" sizes=\"(max-width: 1024px) 100vw, 1024px\" \/><\/figure><\/li><li class=\"blocks-gallery-item\"><figure><img loading=\"lazy\" width=\"1024\" height=\"544\" src=\"https:\/\/www.hecht.de\/hechtnews\/wp-content\/uploads\/2021\/04\/Make_your_home_work_1920x1020_fin_6-1024x544.jpg\" alt=\"\" data-id=\"1992\" data-full-url=\"https:\/\/www.hecht.de\/hechtnews\/wp-content\/uploads\/2021\/04\/Make_your_home_work_1920x1020_fin_6.jpg\" data-link=\"https:\/\/www.hecht.de\/hechtnews\/?attachment_id=1992\" class=\"wp-image-1992\" srcset=\"https:\/\/www.hecht.de\/hechtnews\/wp-content\/uploads\/2021\/04\/Make_your_home_work_1920x1020_fin_6-1024x544.jpg 1024w, https:\/\/www.hecht.de\/hechtnews\/wp-content\/uploads\/2021\/04\/Make_your_home_work_1920x1020_fin_6-300x159.jpg 300w, https:\/\/www.hecht.de\/hechtnews\/wp-content\/uploads\/2021\/04\/Make_your_home_work_1920x1020_fin_6-768x408.jpg 768w, https:\/\/www.hecht.de\/hechtnews\/wp-content\/uploads\/2021\/04\/Make_your_home_work_1920x1020_fin_6-1536x816.jpg 1536w, https:\/\/www.hecht.de\/hechtnews\/wp-content\/uploads\/2021\/04\/Make_your_home_work_1920x1020_fin_6.jpg 1920w\" sizes=\"(max-width: 1024px) 100vw, 1024px\" \/><\/figure><\/li><li class=\"blocks-gallery-item\"><figure><img loading=\"lazy\" width=\"1024\" height=\"544\" src=\"https:\/\/www.hecht.de\/hechtnews\/wp-content\/uploads\/2021\/04\/Make_your_home_work_1920x1020_fin_7-1024x544.jpg\" alt=\"\" data-id=\"1993\" data-full-url=\"https:\/\/www.hecht.de\/hechtnews\/wp-content\/uploads\/2021\/04\/Make_your_home_work_1920x1020_fin_7.jpg\" data-link=\"https:\/\/www.hecht.de\/hechtnews\/?attachment_id=1993\" class=\"wp-image-1993\" srcset=\"https:\/\/www.hecht.de\/hechtnews\/wp-content\/uploads\/2021\/04\/Make_your_home_work_1920x1020_fin_7-1024x544.jpg 1024w, https:\/\/www.hecht.de\/hechtnews\/wp-content\/uploads\/2021\/04\/Make_your_home_work_1920x1020_fin_7-300x159.jpg 300w, https:\/\/www.hecht.de\/hechtnews\/wp-content\/uploads\/2021\/04\/Make_your_home_work_1920x1020_fin_7-768x408.jpg 768w, https:\/\/www.hecht.de\/hechtnews\/wp-content\/uploads\/2021\/04\/Make_your_home_work_1920x1020_fin_7-1536x816.jpg 1536w, https:\/\/www.hecht.de\/hechtnews\/wp-content\/uploads\/2021\/04\/Make_your_home_work_1920x1020_fin_7.jpg 1920w\" sizes=\"(max-width: 1024px) 100vw, 1024px\" \/><\/figure><\/li><\/ul><\/figure>\n\n\n\n<p><strong>Zusammenarbeit mit den besten Designern<\/strong><\/p>\n\n\n\n<p>Bei Vitra arbeiten wir mit der Welt-Elite der Designer und Ingenieure zusammen. Das Ergebnis sind regelm\u00e4ssig unaufdringliche Designs, die sich trotz aller Technologie zur\u00fccknehmen. Nichtsdestoweniger sorgen speziell entwickelte und patentierte Funktionen auf dem neuesten Stand der Technik f\u00fcr ergonomischen Komfort. Sie sind jedoch so elegant integriert, dass sie gar nicht auffallen.<\/p>\n\n\n\n<p><strong>Langlebigkeit als Trumpf<\/strong><\/p>\n\n\n\n<p>Die Langlebigkeit der Produkte steht bei der Entwicklung im Mittelpunkt. Kurzlebiges Design wird vermieden. Das zeigt sich besonders deutlich bei den Klassikern, die nach wie vor zeitgem\u00e4ss und jahrzehntelang in Benutzung sind, mehrmals den Besitzer wechseln oder gar Aufnahme in Sammlungen finden.&nbsp;<\/p>\n\n\n\n<p>F\u00fcr Vitra bedeutet die Entwicklung langlebiger Produkte, dass vor der Fertigung ein sorgf\u00e4ltig durchdachter Entwicklungsprozess steht.<\/p>\n\n\n\n<p><strong>Funktion trifft Material<\/strong><\/p>\n\n\n\n<p>Welches Material eignet sich am besten, um einen bestimmten Zweck zu erf\u00fcllen? Diese Frage stellen die Entwickler von Vitra nicht nur am Anfang jedes Entwicklungsprozesses, sondern auch immer wieder in dessen Verlauf. So wird beispielsweise evaluiert, ob Stahl, Aluminium oder Kunststoff eine Aufgabe besser l\u00f6sen, oder ob ein Bezugsstoff besonders luftdurchl\u00e4ssig und flexibel oder eher wohnlich-gem\u00fctlich und fest sein soll. Und falls es Bez\u00fcge, Mechaniken oder Untergestelle mit den erforderlichen Eigenschaften noch nicht gibt, entwickelt Vitra sie selber \u2013 oft folgen daraus patentierte neue L\u00f6sungen.<\/p>\n\n\n\n<p>Die ausgew\u00e4hlten Materialien sind m\u00f6glichst nachhaltig \u2013 sowohl im Sinne ihrer Qualit\u00e4t und damit Langlebigkeit als auch in ihrer \u00f6kologischen Zusammensetzung. So verwendet Vitra wo m\u00f6glich recycelte Kunststoffe und immer solche, die zu 100 % recycelt werden k\u00f6nnen und Aluminium, das zu 95 % aus Recyclingmaterial hergestellt ist. Vitra bietet als erster Hersteller ein polyurethanschaumfreies Sitzpolster an und konstruiert die St\u00fchle aus so wenigen Materialien wie m\u00f6glich. Das vereinfacht den Service, die Demontage und das Recycling.&nbsp;<\/p>\n\n\n\n<p><strong>Testen bis zur Schmerzgrenze<\/strong><\/p>\n\n\n\n<p>Ob sich ein M\u00f6belst\u00fcck im t\u00e4glichen Einsatz bew\u00e4hrt, wird erst mit der Zeit klar. Vitra geht daher von vornherein von 15 Jahren t\u00e4glicher Nutzung aus und simuliert Dutzende verschiedene Testszenarien \u2013 mit dem Ziel, s\u00e4mtliche Vorgaben zu \u00fcbertreffen. Zum Beispiel verlangt die europ\u00e4ische Norm f\u00fcr B\u00fcrost\u00fchle 16 Einzelpr\u00fcfungen. Vitra f\u00fchrt bis zu 54 Tests durch. Denn echte Testbedingungen setzen, \u00fcber internationale Normen hinaus, viel mehr Festigkeitspr\u00fcfungen voraus, wie auch die Pr\u00fcfung der Textilien, des Materials und der Oberfl\u00e4chen in Bezug auf Pilling, Abrieb, Abriebverhalten oder Exposition.<\/p>\n\n\n\n<p>Die B\u00fcrost\u00fchle von Vitra sind so ausgelegt, dass sie so lange wie m\u00f6glich \u201ein Form\u201c bleiben. Dank ihrer Qualit\u00e4t ist diese \u00e4sthetische Langlebigkeit m\u00f6glich. Da Vitra innovativ arbeitet, sind die ergonomischen Funktionen auch nach Jahren noch auf aktuellem Stand.&nbsp;<\/p>\n\n\n\n<p><strong>Vom B\u00fcro nach Hause<\/strong><\/p>\n\n\n\n<p>Die B\u00fcrost\u00fchle von Vitra pr\u00e4gen Arbeitspl\u00e4tze weltweit schon seit Jahrzehnten. Ausgehend von den Bed\u00fcrfnissen der Benutzer orientiert sich der Entwicklungsprozess daran, den K\u00f6rper beim Sitzen optimal zu unterst\u00fctzen.<\/p>\n\n\n\n<figure class=\"wp-block-gallery columns-2 is-cropped\"><ul class=\"blocks-gallery-grid\"><li class=\"blocks-gallery-item\"><figure><img loading=\"lazy\" width=\"1024\" height=\"544\" src=\"https:\/\/www.hecht.de\/hechtnews\/wp-content\/uploads\/2021\/04\/Make-your-home-work-1920-x-1020-px-v9-1024x544.jpg\" alt=\"\" data-id=\"1994\" data-full-url=\"https:\/\/www.hecht.de\/hechtnews\/wp-content\/uploads\/2021\/04\/Make-your-home-work-1920-x-1020-px-v9.jpg\" data-link=\"https:\/\/www.hecht.de\/hechtnews\/?attachment_id=1994\" class=\"wp-image-1994\" srcset=\"https:\/\/www.hecht.de\/hechtnews\/wp-content\/uploads\/2021\/04\/Make-your-home-work-1920-x-1020-px-v9-1024x544.jpg 1024w, https:\/\/www.hecht.de\/hechtnews\/wp-content\/uploads\/2021\/04\/Make-your-home-work-1920-x-1020-px-v9-300x159.jpg 300w, https:\/\/www.hecht.de\/hechtnews\/wp-content\/uploads\/2021\/04\/Make-your-home-work-1920-x-1020-px-v9-768x408.jpg 768w, https:\/\/www.hecht.de\/hechtnews\/wp-content\/uploads\/2021\/04\/Make-your-home-work-1920-x-1020-px-v9-1536x816.jpg 1536w, https:\/\/www.hecht.de\/hechtnews\/wp-content\/uploads\/2021\/04\/Make-your-home-work-1920-x-1020-px-v9.jpg 1920w\" sizes=\"(max-width: 1024px) 100vw, 1024px\" \/><\/figure><\/li><li class=\"blocks-gallery-item\"><figure><img loading=\"lazy\" width=\"1024\" height=\"544\" src=\"https:\/\/www.hecht.de\/hechtnews\/wp-content\/uploads\/2021\/04\/Make_your_home_work_1920x1020_fin_1-1024x544.jpg\" alt=\"\" data-id=\"1995\" data-full-url=\"https:\/\/www.hecht.de\/hechtnews\/wp-content\/uploads\/2021\/04\/Make_your_home_work_1920x1020_fin_1.jpg\" data-link=\"https:\/\/www.hecht.de\/hechtnews\/?attachment_id=1995\" class=\"wp-image-1995\" srcset=\"https:\/\/www.hecht.de\/hechtnews\/wp-content\/uploads\/2021\/04\/Make_your_home_work_1920x1020_fin_1-1024x544.jpg 1024w, https:\/\/www.hecht.de\/hechtnews\/wp-content\/uploads\/2021\/04\/Make_your_home_work_1920x1020_fin_1-300x159.jpg 300w, https:\/\/www.hecht.de\/hechtnews\/wp-content\/uploads\/2021\/04\/Make_your_home_work_1920x1020_fin_1-768x408.jpg 768w, https:\/\/www.hecht.de\/hechtnews\/wp-content\/uploads\/2021\/04\/Make_your_home_work_1920x1020_fin_1-1536x816.jpg 1536w, https:\/\/www.hecht.de\/hechtnews\/wp-content\/uploads\/2021\/04\/Make_your_home_work_1920x1020_fin_1.jpg 1920w\" sizes=\"(max-width: 1024px) 100vw, 1024px\" \/><\/figure><\/li><\/ul><\/figure>\n\n\n\n<p>Jetzt kommen die B\u00fcrost\u00fchle in einer neuen, aber gar nicht so anderen Umgebung zum Einsatz \u2013 im Homeoffice. Die Anforderungen sind dieselben: Der B\u00fcrostuhl muss dem Benutzer den ganzen Tag \u00fcber eine gesunde Sitzhaltung erm\u00f6glichen, damit produktives Arbeiten m\u00f6glich ist.<\/p>\n\n\n\n<p>Die ergonomischen Arbeitsst\u00fchle, klassischen Arbeitsst\u00fchle und kompakten Atelierst\u00fchle von Vitra bieten ein komfortables Sitzerlebnis mit unterschiedlichem Funktionsspektrum. Aufgrund ihrer zeitlosen, zur\u00fcckhaltenden \u00c4sthetik sind sie ideal f\u00fcr das Interieur in Privatwohnungen geeignet.<\/p>\n\n\n\n<p><strong>Unter welchen Bedingungen arbeiten Sie derzeit?<\/strong><\/p>\n\n\n\n<p>Manche von uns arbeiten inzwischen mehr oder weniger dauerhaft von zu Hause aus und beabsichtigen, dies auch in Post-Pandemie-Zeiten fortzusetzen. Andere teilen ihre Arbeitswoche zwischen Pr\u00e4senz im B\u00fcro und Homeoffice auf und wieder andere bleiben nur zu Hause, wenn sie konzentriert den n\u00e4chsten Kundentermin vorbereiten m\u00f6chten.<\/p>\n\n\n\n<p>Wie viel Zeit arbeitend \u2013 in Voll- oder Teilzeit oder nur ab und zu \u2013 zu Hause verbracht wird, ist ein wichtiger Faktor, aber auch anderes spielt mit hinein. Leben Sie allein oder mit Familie? Was arbeiten Sie? Wie k\u00f6nnen Sie sich am besten konzentrieren? Alle diese Fragen fliessen in die Entscheidung mit ein, wie Sie sich am besten einrichten.<\/p>\n\n\n\n<p><strong>Wie viel Platz haben Sie zu Hause?<\/strong><\/p>\n\n\n\n<p>Ob Sie Vollzeit, Teilzeit oder nur gelegentlich zu Hause arbeiten: Es ist immer wichtig, eine Arbeitsumgebung zu schaffen, die eine gesunde und produktive Work-Life-Balance f\u00f6rdert. Welche Art von Arbeitsplatz f\u00fcr Ihre pers\u00f6nliche Situation am besten geeignet ist, h\u00e4ngt nat\u00fcrlich davon ab, wie viel Platz Sie zu Hause haben. Vielleicht ist das ein ganzes Zimmer oder eine Ecke in einem Raum, der eigentlich f\u00fcr anderes genutzt wird, oder auch nur der Esstisch.&nbsp;<\/p>\n\n\n\n<p>Ganz unabh\u00e4ngig von Ihrer konkreten Situation und Ihren Anforderungen ist Vitra in der Lage, Ihnen bei der Entscheidung f\u00fcr den richtigen Ort und bei der M\u00f6blierung zu helfen, die f\u00fcr Sie ideal ist.<\/p>\n\n\n\n<p><strong>Das ergonomische Homeoffice<\/strong><\/p>\n\n\n\n<p>Ein ergonomisches Homeoffice ist die beste langfristige L\u00f6sung. Es ist der ideale Arbeitsplatz f\u00fcr anspruchsvolles Arbeiten mit voller Konzentration oder \u00fcber viele Stunden hinweg oder mit vielen Videokonferenzen.&nbsp;<\/p>\n\n\n\n<p>Steht ein ganzer Raum zur Verf\u00fcgung \u2013 etwa ein nur selten genutztes G\u00e4stezimmer oder ein Hauswirtschaftsraum \u2013, ist nicht nur die Ruhe und Privatsph\u00e4re gew\u00e4hrleistet, die Sie zum Arbeiten brauchen, sondern Sie k\u00f6nnen nach getaner Arbeit auch die T\u00fcr hinter sich schliessen.<\/p>\n\n\n\n<p>Der richtige B\u00fcrostuhl ist f\u00fcr eine gesunde Arbeitsumgebung im Homeoffice unverzichtbar. Man darf nicht vergessen: Langes Sitzen ist zu Hause genauso gesundheitsgef\u00e4hrdend wie im B\u00fcro. Ein guter Arbeitsstuhl ist die S\u00e4ule eines ergonomischen Heimarbeitsplatzes, ebenso wie ein h\u00f6henverstellbarer Tisch, an dem es sich gesund arbeiten l\u00e4sst. Beides erh\u00f6ht die Produktivit\u00e4t.&nbsp;<\/p>\n\n\n\n<p><strong>Ergonomische Arbeitsst\u00fchle<\/strong><\/p>\n\n\n\n<p>Ein ergonomischer B\u00fcrostuhl, der eine optimale Sitzposition f\u00f6rdert und gleichzeitig eine gewisse Dynamik in Ihre Arbeitsabl\u00e4ufe zu Hause bringt, ist das A und O f\u00fcr einen funktionalen Arbeitsplatz&nbsp;\u2013 speziell, wenn der Arbeitstag lang ist. Kurz gesagt: Wer gut sitzt, arbeitet besser.<\/p>\n\n\n\n<p>Vitra hat \u00fcber 40 Jahre Erfahrung mit der Entwicklung und Fertigung von B\u00fcrost\u00fchlen. Das Produktportfolio umfasst ein volles Spektrum an ergonomischen L\u00f6sungen, die optimal an Ihre k\u00f6rperlichen Voraussetzungen angepasst werden k\u00f6nnen.<\/p>\n\n\n\n<p><strong>H\u00f6henverstellbarer Schreibtisch<\/strong><\/p>\n\n\n\n<figure class=\"wp-block-gallery columns-1 is-cropped\"><ul class=\"blocks-gallery-grid\"><li class=\"blocks-gallery-item\"><figure><img loading=\"lazy\" width=\"1024\" height=\"544\" src=\"https:\/\/www.hecht.de\/hechtnews\/wp-content\/uploads\/2021\/04\/Make_your_home_work_1920x1020_fin_2-1-1024x544.jpg\" alt=\"\" data-id=\"1996\" data-full-url=\"https:\/\/www.hecht.de\/hechtnews\/wp-content\/uploads\/2021\/04\/Make_your_home_work_1920x1020_fin_2-1.jpg\" data-link=\"https:\/\/www.hecht.de\/hechtnews\/?attachment_id=1996\" class=\"wp-image-1996\" srcset=\"https:\/\/www.hecht.de\/hechtnews\/wp-content\/uploads\/2021\/04\/Make_your_home_work_1920x1020_fin_2-1-1024x544.jpg 1024w, https:\/\/www.hecht.de\/hechtnews\/wp-content\/uploads\/2021\/04\/Make_your_home_work_1920x1020_fin_2-1-300x159.jpg 300w, https:\/\/www.hecht.de\/hechtnews\/wp-content\/uploads\/2021\/04\/Make_your_home_work_1920x1020_fin_2-1-768x408.jpg 768w, https:\/\/www.hecht.de\/hechtnews\/wp-content\/uploads\/2021\/04\/Make_your_home_work_1920x1020_fin_2-1-1536x816.jpg 1536w, https:\/\/www.hecht.de\/hechtnews\/wp-content\/uploads\/2021\/04\/Make_your_home_work_1920x1020_fin_2-1.jpg 1920w\" sizes=\"(max-width: 1024px) 100vw, 1024px\" \/><\/figure><\/li><\/ul><\/figure>\n\n\n\n<p>Kein ergonomischer Heimarbeitsplatz kommt ohne Schreibtisch aus. Ein in der H\u00f6he verstellbarer Schreibtisch l\u00e4dt den Benutzer ein, zwischen Sitzen und Stehen zu wechseln. Das tr\u00e4gt zu einer gesunden, produktiven Arbeitsweise bei.<\/p>\n\n\n\n<p>Er sollte auch ausreichend Platz bieten, damit Sie Ihr Arbeitsmaterial ausbreiten k\u00f6nnen. So arbeiten Sie effizienter und produktiver.\u00a0(Text und Bilder von vitra)<\/p>\n\n\n\n<p>hecht einrichtungen T\u00fcbingen und hecht designfabrik Kirchentellinsfurt steht Ihnen gerne zur Verf\u00fcgung und freut sich auf Ihren Anruf unter Tel 07071 688770 oder Mail an info@hecht.de <\/p>\n\n\n\n<p><\/p>\n\n\n\n<p>zur\u00fcck zu <a href=\"http:\/\/www.hecht.de\" data-type=\"URL\" data-id=\"www.hecht.de\" target=\"_blank\" rel=\"noreferrer noopener\">hecht.de <\/a><\/p>\n","protected":false},"excerpt":{"rendered":"<p>Eine jahrzehntelange Innovationshistorie Bei Vitra stellen wir seit \u00fcber 40 Jahren Arbeitsst\u00fchle her und konzentrieren uns dabei auf Designs, die ein gesundes, dynamisches Sitzen f\u00f6rdern. Unsere Erfahrung hat uns gelehrt, dass es dabei auf vordergr\u00fcndig unauff\u00e4llige Details und nahtlos integrierte Funktionen besonders ankommt. Als Hersteller wissen wir, dass uns die Arbeitswelt, die sich st\u00e4ndig ver\u00e4ndert,&hellip;<\/p>\n","protected":false},"author":2,"featured_media":1997,"comment_status":"closed","ping_status":"closed","sticky":false,"template":"","format":"standard","meta":[],"categories":[1],"tags":[208,91,78,151,209],"_links":{"self":[{"href":"https:\/\/www.hecht.de\/hechtnews\/wp-json\/wp\/v2\/posts\/1989"}],"collection":[{"href":"https:\/\/www.hecht.de\/hechtnews\/wp-json\/wp\/v2\/posts"}],"about":[{"href":"https:\/\/www.hecht.de\/hechtnews\/wp-json\/wp\/v2\/types\/post"}],"author":[{"embeddable":true,"href":"https:\/\/www.hecht.de\/hechtnews\/wp-json\/wp\/v2\/users\/2"}],"replies":[{"embeddable":true,"href":"https:\/\/www.hecht.de\/hechtnews\/wp-json\/wp\/v2\/comments?post=1989"}],"version-history":[{"count":2,"href":"https:\/\/www.hecht.de\/hechtnews\/wp-json\/wp\/v2\/posts\/1989\/revisions"}],"predecessor-version":[{"id":2000,"href":"https:\/\/www.hecht.de\/hechtnews\/wp-json\/wp\/v2\/posts\/1989\/revisions\/2000"}],"wp:featuredmedia":[{"embeddable":true,"href":"https:\/\/www.hecht.de\/hechtnews\/wp-json\/wp\/v2\/media\/1997"}],"wp:attachment":[{"href":"https:\/\/www.hecht.de\/hechtnews\/wp-json\/wp\/v2\/media?parent=1989"}],"wp:term":[{"taxonomy":"category","embeddable":true,"href":"https:\/\/www.hecht.de\/hechtnews\/wp-json\/wp\/v2\/categories?post=1989"},{"taxonomy":"post_tag","embeddable":true,"href":"https:\/\/www.hecht.de\/hechtnews\/wp-json\/wp\/v2\/tags?post=1989"}],"curies":[{"name":"wp","href":"https:\/\/api.w.org\/{rel}","templated":true}]}}