{"id":1729,"date":"2021-02-06T20:55:00","date_gmt":"2021-02-06T19:55:00","guid":{"rendered":"https:\/\/www.hecht.de\/hechtnews\/?p=1729"},"modified":"2021-02-06T20:56:17","modified_gmt":"2021-02-06T19:56:17","slug":"mittagstalk-mit-dodokay","status":"publish","type":"post","link":"https:\/\/www.hecht.de\/hechtnews\/2021\/02\/06\/mittagstalk-mit-dodokay\/","title":{"rendered":"Mittagstalk mit Dodokay"},"content":{"rendered":"\n<p>Veranstaltung der Familienunternehmer und der Jungen Unternehmer in Kirchentellinsfurt.<\/p>\n\n\n\n<p>Am kommenden Freitag, 12.02. um 12\u00b0\u00b0Uhr bis 12.30 Uhr  findet in der hecht designfabrik um 12\u00b0\u00b0 Uhr online ein Mittagstalk mit Dodokay statt. Wir senden live auf YouTube. <\/p>\n\n\n\n<figure class=\"wp-block-image size-large\"><img loading=\"lazy\" width=\"1024\" height=\"533\" src=\"https:\/\/www.hecht.de\/hechtnews\/wp-content\/uploads\/2021\/02\/Bildschirmfoto-2021-02-04-um-20.46.02-1024x533.png\" alt=\"\" class=\"wp-image-1730\" srcset=\"https:\/\/www.hecht.de\/hechtnews\/wp-content\/uploads\/2021\/02\/Bildschirmfoto-2021-02-04-um-20.46.02-1024x533.png 1024w, https:\/\/www.hecht.de\/hechtnews\/wp-content\/uploads\/2021\/02\/Bildschirmfoto-2021-02-04-um-20.46.02-300x156.png 300w, https:\/\/www.hecht.de\/hechtnews\/wp-content\/uploads\/2021\/02\/Bildschirmfoto-2021-02-04-um-20.46.02-768x400.png 768w, https:\/\/www.hecht.de\/hechtnews\/wp-content\/uploads\/2021\/02\/Bildschirmfoto-2021-02-04-um-20.46.02-1536x799.png 1536w, https:\/\/www.hecht.de\/hechtnews\/wp-content\/uploads\/2021\/02\/Bildschirmfoto-2021-02-04-um-20.46.02.png 1576w\" sizes=\"(max-width: 1024px) 100vw, 1024px\" \/><figcaption><a href=\"https:\/\/www.youtube.com\/watch?fbclid=IwAR1CDCkL1ADJ58x8jNPbb2NxS8L-X2yAJmYpEvmWlrYuGNxbBwxBatrUe24&amp;v=0tv8rl3Gr40&amp;feature=youtu.be\" data-type=\"URL\" data-id=\"https:\/\/www.youtube.com\/watch?fbclid=IwAR1CDCkL1ADJ58x8jNPbb2NxS8L-X2yAJmYpEvmWlrYuGNxbBwxBatrUe24&amp;v=0tv8rl3Gr40&amp;feature=youtu.be\" target=\"_blank\" rel=\"noreferrer noopener\">https:\/\/www.youtube.com\/watch?fbclid=IwAR1CDCkL1ADJ58x8jNPbb2NxS8L-X2yAJmYpEvmWlrYuGNxbBwxBatrUe24&amp;v=0tv8rl3Gr40&amp;feature=youtu.be<\/a><\/figcaption><\/figure>\n\n\n\n<p>Dominik \u201eDodokay\u201c Kuhn ist waschechter Schwabe bzw. Reutlinger und seit Ende der 1980er hauptberuflich als Produzent und Regisseur t\u00e4tig.<br>Mit seinem Fun-Synchro-Konzept Die Welt auf Schw\u00e4bisch (2006) wurde er \u00fcber die Grenzen des Schwaben-<br>landes hinaus bekannt. Die ersten Folgen basierten auf der Anti-Terror-TV-Serie 24 mit Kiefer Sutherland und<br>wurden sofort ein Kulthit auf dem damals noch sehr jungen YouTube-Kanal. Seit 2009 schreibt und produziert er die Welt auf Schw\u00e4bisch nun f\u00fcr das SWR-Fernsehen, und war 2011 mit seinen Synchros Teil der SAT 1 Wochenshow. Zusammen mit Comiczeichner Ralph Ruthe brachte er 2013 das Cartoon-Buch Schei\u00dfdregg bassiert halt heraus, und ein Jahr sp\u00e4ter erschien das Comic-Buch Die Simpsons auf Schw\u00e4bisch.<br>Er ist ein stets gern gesehener Gast \u2013 mit und ohne Dialekt \u2013 in TV-Serien und Kinofilmen. So spielte er in der Mundart-Erfolgsserie Laible und Frisch mit, in Michael Kesslers Meine Heile Welt, war an der Seite von Natalia W\u00f6rner in der Kinokom\u00f6die Die Kirche bleibt im Dorf zu sehen und spielte mit Walter Schulthei\u00df in der schw\u00e4bischen Dramedy Global Player eine Gastrolle.<br>Seit M\u00e4rz 2014 ist Dominik Kuhn als Dodokay live vor ausverkauften Hallen unterwegs. unterwegs &#8211; mit seiner<br>nunmehr dritten Show Genau mein Ding!\u00a0<\/p>\n","protected":false},"excerpt":{"rendered":"<p>Veranstaltung der Familienunternehmer und der Jungen Unternehmer in Kirchentellinsfurt. Am kommenden Freitag, 12.02. um 12\u00b0\u00b0Uhr bis 12.30 Uhr findet in der hecht designfabrik um 12\u00b0\u00b0 Uhr online ein Mittagstalk mit Dodokay statt. Wir senden live auf YouTube. Dominik \u201eDodokay\u201c Kuhn ist waschechter Schwabe bzw. Reutlinger und seit Ende der 1980er hauptberuflich als Produzent und Regisseur&hellip;<\/p>\n","protected":false},"author":2,"featured_media":1733,"comment_status":"closed","ping_status":"closed","sticky":false,"template":"","format":"standard","meta":[],"categories":[1],"tags":[],"_links":{"self":[{"href":"https:\/\/www.hecht.de\/hechtnews\/wp-json\/wp\/v2\/posts\/1729"}],"collection":[{"href":"https:\/\/www.hecht.de\/hechtnews\/wp-json\/wp\/v2\/posts"}],"about":[{"href":"https:\/\/www.hecht.de\/hechtnews\/wp-json\/wp\/v2\/types\/post"}],"author":[{"embeddable":true,"href":"https:\/\/www.hecht.de\/hechtnews\/wp-json\/wp\/v2\/users\/2"}],"replies":[{"embeddable":true,"href":"https:\/\/www.hecht.de\/hechtnews\/wp-json\/wp\/v2\/comments?post=1729"}],"version-history":[{"count":3,"href":"https:\/\/www.hecht.de\/hechtnews\/wp-json\/wp\/v2\/posts\/1729\/revisions"}],"predecessor-version":[{"id":1735,"href":"https:\/\/www.hecht.de\/hechtnews\/wp-json\/wp\/v2\/posts\/1729\/revisions\/1735"}],"wp:featuredmedia":[{"embeddable":true,"href":"https:\/\/www.hecht.de\/hechtnews\/wp-json\/wp\/v2\/media\/1733"}],"wp:attachment":[{"href":"https:\/\/www.hecht.de\/hechtnews\/wp-json\/wp\/v2\/media?parent=1729"}],"wp:term":[{"taxonomy":"category","embeddable":true,"href":"https:\/\/www.hecht.de\/hechtnews\/wp-json\/wp\/v2\/categories?post=1729"},{"taxonomy":"post_tag","embeddable":true,"href":"https:\/\/www.hecht.de\/hechtnews\/wp-json\/wp\/v2\/tags?post=1729"}],"curies":[{"name":"wp","href":"https:\/\/api.w.org\/{rel}","templated":true}]}}