{"id":1630,"date":"2026-04-25T10:00:00","date_gmt":"2026-04-25T08:00:00","guid":{"rendered":"https:\/\/www.hecht.de\/hechtnews\/?p=1630"},"modified":"2026-04-27T09:14:40","modified_gmt":"2026-04-27T07:14:40","slug":"oeffnungszeiten","status":"publish","type":"post","link":"https:\/\/www.hecht.de\/hechtnews\/2026\/04\/25\/oeffnungszeiten\/","title":{"rendered":"Unsere \u00d6ffnungszeiten &#038; Barrierefreiheit"},"content":{"rendered":"\n<p><strong><a rel=\"noreferrer noopener\" href=\"http:\/\/www.hecht.de\" target=\"_blank\">\u00d6ffnungszeiten in T\u00fcbingen hecht einrichtungen<\/a><\/strong><\/p>\n\n\n\n<ul><li><span class=\"has-inline-color has-black-color\"><strong>Montag bis Freitag<\/strong> <strong>von 10\u00b0\u00b0 bis 18\u00b0\u00b0 Uhr<\/strong><\/span> <\/li><li><strong><span class=\"has-inline-color has-black-color\">Samstag von 10\u00b0\u00b0 bis 16\u00b0\u00b0 Uhr<\/span><\/strong> <\/li><li><strong><span class=\"has-inline-color has-black-color\">damit wir Ihnen die bestm\u00f6gliche Beratung und Planung f\u00fcr Ihre Lichtkonzepte und Wohnr\u00e4ume bieten k\u00f6nnen, bitten wir um vorherige Terminvereinbarung. <\/span><\/strong>Kontaktieren Sie uns bitte per E-Mail an <a href=\"mailto:info@hecht.de\" data-type=\"mailto\" data-id=\"mailto:info@hecht.de\">info@<\/a><a rel=\"noreferrer noopener\" href=\"mailto:info@hecht.de\" data-type=\"mailto\" data-id=\"mailto:info@hecht.de\" target=\"_blank\">hecht.de<\/a> oder rufen Sie uns an unter 07071\/688770, um einen Termin zu vereinbaren. Dies erm\u00f6glicht es uns, unsere Termine besser zu koordinieren, da wir oft bei Kunden vor Ort unterwegs sind und nicht immer alle in T\u00fcbingen anzutreffen sind.<\/li><\/ul>\n\n\n\n<figure class=\"wp-block-gallery columns-1 is-cropped\"><ul class=\"blocks-gallery-grid\"><li class=\"blocks-gallery-item\"><figure><img loading=\"lazy\" width=\"1024\" height=\"326\" src=\"https:\/\/www.hecht.de\/hechtnews\/wp-content\/uploads\/2024\/04\/Bildschirmfoto-2024-04-11-um-12.44.19-1024x326.png\" alt=\"\" data-id=\"3638\" data-full-url=\"https:\/\/www.hecht.de\/hechtnews\/wp-content\/uploads\/2024\/04\/Bildschirmfoto-2024-04-11-um-12.44.19.png\" data-link=\"https:\/\/www.hecht.de\/hechtnews\/2023\/11\/25\/oeffnungszeiten\/bildschirmfoto-2024-04-11-um-12-44-19\/\" class=\"wp-image-3638\" srcset=\"https:\/\/www.hecht.de\/hechtnews\/wp-content\/uploads\/2024\/04\/Bildschirmfoto-2024-04-11-um-12.44.19-1024x326.png 1024w, https:\/\/www.hecht.de\/hechtnews\/wp-content\/uploads\/2024\/04\/Bildschirmfoto-2024-04-11-um-12.44.19-300x95.png 300w, https:\/\/www.hecht.de\/hechtnews\/wp-content\/uploads\/2024\/04\/Bildschirmfoto-2024-04-11-um-12.44.19-768x244.png 768w, https:\/\/www.hecht.de\/hechtnews\/wp-content\/uploads\/2024\/04\/Bildschirmfoto-2024-04-11-um-12.44.19-1536x489.png 1536w, https:\/\/www.hecht.de\/hechtnews\/wp-content\/uploads\/2024\/04\/Bildschirmfoto-2024-04-11-um-12.44.19-2048x652.png 2048w\" sizes=\"(max-width: 1024px) 100vw, 1024px\" \/><\/figure><\/li><\/ul><\/figure>\n\n\n\n<p><span class=\"has-inline-color has-black-color\"><strong><a rel=\"noreferrer noopener\" href=\"http:\/\/www.designfabrik.de\" data-type=\"URL\" data-id=\"www.designfabrik.de\" target=\"_blank\">\u00d6ffnungszeiten in Kirchentellinsfurt hecht designfabrik<\/a><\/strong><\/span> (aktualisiert 29.12.2025)<\/p>\n\n\n\n<ul id=\"block-880947d9-3f6d-4f92-9ace-ba3228c1969c\"><li><strong>Dienstag bis Freitag:<\/strong><ul><li>14\u00b0\u00b0 &#8211; 18\u00b0\u00b0 Uhr<\/li><\/ul><\/li><li><strong>Samstag:<\/strong><ul><li>10\u00b0\u00b0 bis 14\u00b0\u00b0 Uhr<\/li><\/ul><\/li><\/ul>\n\n\n\n<p><strong><span class=\"has-inline-color has-vivid-red-color\">Samstag, 2. Mai in der designfabrik Kirchentellinsfurt geschlossen, in T\u00fcbingen sind wir von 10\u00b0\u00b0-16\u00b0\u00b0 Uhr f\u00fcr Sie da. <\/span><\/strong><\/p>\n\n\n\n<p>Gerne sind wir nach vorheriger Terminabsprache au\u00dferhalb der \u00d6ffnungszeiten f\u00fcr Sie da, klicken Sie bitte auf den folgenden Link zur <a rel=\"noreferrer noopener\" href=\"https:\/\/koalendar.com\/e\/termin-in-der-hecht-designfabrik\" target=\"_blank\"><strong><em>Terminvereinbarung<\/em><\/strong><\/a>. <\/p>\n\n\n\n<div class=\"wp-block-columns\">\n<div class=\"wp-block-column\" style=\"flex-basis:100%\">\n<figure class=\"wp-block-gallery columns-4 is-cropped\"><ul class=\"blocks-gallery-grid\"><li class=\"blocks-gallery-item\"><figure><img loading=\"lazy\" width=\"767\" height=\"1024\" src=\"https:\/\/www.hecht.de\/hechtnews\/wp-content\/uploads\/2025\/10\/CI_02_2025_hecht.pdf-767x1024.png\" alt=\"\" data-id=\"4141\" data-full-url=\"https:\/\/www.hecht.de\/hechtnews\/wp-content\/uploads\/2025\/10\/CI_02_2025_hecht.pdf.png\" data-link=\"https:\/\/www.hecht.de\/hechtnews\/2024\/12\/31\/oeffnungszeiten\/ci_02_2025_hecht-pdf\/\" class=\"wp-image-4141\" srcset=\"https:\/\/www.hecht.de\/hechtnews\/wp-content\/uploads\/2025\/10\/CI_02_2025_hecht.pdf-767x1024.png 767w, https:\/\/www.hecht.de\/hechtnews\/wp-content\/uploads\/2025\/10\/CI_02_2025_hecht.pdf-225x300.png 225w, https:\/\/www.hecht.de\/hechtnews\/wp-content\/uploads\/2025\/10\/CI_02_2025_hecht.pdf-768x1025.png 768w, https:\/\/www.hecht.de\/hechtnews\/wp-content\/uploads\/2025\/10\/CI_02_2025_hecht.pdf-1151x1536.png 1151w, https:\/\/www.hecht.de\/hechtnews\/wp-content\/uploads\/2025\/10\/CI_02_2025_hecht.pdf.png 1499w\" sizes=\"(max-width: 767px) 100vw, 767px\" \/><figcaption class=\"blocks-gallery-item__caption\">Unser <a href=\"http:\/\/www.hecht.de\" data-type=\"URL\" data-id=\"www.hecht.de\" target=\"_blank\" rel=\"noreferrer noopener\">hecht<\/a> Magazin Herbst 2025<\/figcaption><\/figure><\/li><li class=\"blocks-gallery-item\"><figure><img loading=\"lazy\" width=\"768\" height=\"1024\" src=\"https:\/\/www.hecht.de\/hechtnews\/wp-content\/uploads\/2025\/05\/Bildschirmfoto-2025-05-02-um-15.41.26-768x1024.png\" alt=\"\" data-id=\"4032\" data-full-url=\"https:\/\/www.hecht.de\/hechtnews\/wp-content\/uploads\/2025\/05\/Bildschirmfoto-2025-05-02-um-15.41.26.png\" data-link=\"https:\/\/www.hecht.de\/hechtnews\/2024\/12\/31\/oeffnungszeiten\/bildschirmfoto-2025-05-02-um-15-41-26\/\" class=\"wp-image-4032\" srcset=\"https:\/\/www.hecht.de\/hechtnews\/wp-content\/uploads\/2025\/05\/Bildschirmfoto-2025-05-02-um-15.41.26-768x1024.png 768w, https:\/\/www.hecht.de\/hechtnews\/wp-content\/uploads\/2025\/05\/Bildschirmfoto-2025-05-02-um-15.41.26-225x300.png 225w, https:\/\/www.hecht.de\/hechtnews\/wp-content\/uploads\/2025\/05\/Bildschirmfoto-2025-05-02-um-15.41.26-1152x1536.png 1152w, https:\/\/www.hecht.de\/hechtnews\/wp-content\/uploads\/2025\/05\/Bildschirmfoto-2025-05-02-um-15.41.26.png 1210w\" sizes=\"(max-width: 768px) 100vw, 768px\" \/><figcaption class=\"blocks-gallery-item__caption\">Unser hecht Magazin Fr\u00fchjahr 2025<\/figcaption><\/figure><\/li><li class=\"blocks-gallery-item\"><figure><img loading=\"lazy\" width=\"765\" height=\"1024\" src=\"https:\/\/www.hecht.de\/hechtnews\/wp-content\/uploads\/2024\/08\/Bildschirmfoto-2024-08-10-um-10.25.22-765x1024.png\" alt=\"\" data-id=\"3777\" data-link=\"https:\/\/www.hecht.de\/hechtnews\/2024\/09\/10\/neues-hecht-ci-magazin-fruehjahr\/bildschirmfoto-2024-08-10-um-10-25-22\/\" class=\"wp-image-3777\" srcset=\"https:\/\/www.hecht.de\/hechtnews\/wp-content\/uploads\/2024\/08\/Bildschirmfoto-2024-08-10-um-10.25.22-765x1024.png 765w, https:\/\/www.hecht.de\/hechtnews\/wp-content\/uploads\/2024\/08\/Bildschirmfoto-2024-08-10-um-10.25.22-224x300.png 224w, https:\/\/www.hecht.de\/hechtnews\/wp-content\/uploads\/2024\/08\/Bildschirmfoto-2024-08-10-um-10.25.22-768x1028.png 768w, https:\/\/www.hecht.de\/hechtnews\/wp-content\/uploads\/2024\/08\/Bildschirmfoto-2024-08-10-um-10.25.22-1147x1536.png 1147w, https:\/\/www.hecht.de\/hechtnews\/wp-content\/uploads\/2024\/08\/Bildschirmfoto-2024-08-10-um-10.25.22.png 1192w\" sizes=\"(max-width: 765px) 100vw, 765px\" \/><figcaption class=\"blocks-gallery-item__caption\">Unser <a href=\"http:\/\/www.hecht.de\" data-type=\"URL\" data-id=\"www.hecht.de\" target=\"_blank\" rel=\"noreferrer noopener\">hecht <\/a>Magazin <br>Herbst 2024<\/figcaption><\/figure><\/li><li class=\"blocks-gallery-item\"><figure><img loading=\"lazy\" width=\"767\" height=\"1024\" src=\"https:\/\/www.hecht.de\/hechtnews\/wp-content\/uploads\/2024\/04\/Bildschirmfoto-2024-04-11-um-12.38.17-767x1024.png\" alt=\"\" data-id=\"3634\" data-link=\"https:\/\/www.hecht.de\/hechtnews\/2024\/11\/13\/oeffnungszeiten\/bildschirmfoto-2024-04-11-um-12-38-17\/\" class=\"wp-image-3634\" srcset=\"https:\/\/www.hecht.de\/hechtnews\/wp-content\/uploads\/2024\/04\/Bildschirmfoto-2024-04-11-um-12.38.17-767x1024.png 767w, https:\/\/www.hecht.de\/hechtnews\/wp-content\/uploads\/2024\/04\/Bildschirmfoto-2024-04-11-um-12.38.17-225x300.png 225w, https:\/\/www.hecht.de\/hechtnews\/wp-content\/uploads\/2024\/04\/Bildschirmfoto-2024-04-11-um-12.38.17-768x1026.png 768w, https:\/\/www.hecht.de\/hechtnews\/wp-content\/uploads\/2024\/04\/Bildschirmfoto-2024-04-11-um-12.38.17-1150x1536.png 1150w, https:\/\/www.hecht.de\/hechtnews\/wp-content\/uploads\/2024\/04\/Bildschirmfoto-2024-04-11-um-12.38.17.png 1162w\" sizes=\"(max-width: 767px) 100vw, 767px\" \/><figcaption class=\"blocks-gallery-item__caption\">Unser <a rel=\"noreferrer noopener\" href=\"http:\/\/www.hecht.de\" data-type=\"URL\" data-id=\"www.hecht.de\" target=\"_blank\"><strong>hecht<\/strong><\/a> Magazin Fr\u00fchjahr 2024<\/figcaption><\/figure><\/li><li class=\"blocks-gallery-item\"><figure><img loading=\"lazy\" width=\"766\" height=\"1024\" src=\"https:\/\/www.hecht.de\/hechtnews\/wp-content\/uploads\/2023\/09\/Bildschirmfoto-2023-09-17-um-09.12.15-766x1024.png\" alt=\"hecht Magazin\" data-id=\"3209\" data-link=\"https:\/\/www.hecht.de\/hechtnews\/2024\/11\/13\/oeffnungszeiten\/bildschirmfoto-2023-09-17-um-09-12-15\/\" class=\"wp-image-3209\" srcset=\"https:\/\/www.hecht.de\/hechtnews\/wp-content\/uploads\/2023\/09\/Bildschirmfoto-2023-09-17-um-09.12.15-766x1024.png 766w, https:\/\/www.hecht.de\/hechtnews\/wp-content\/uploads\/2023\/09\/Bildschirmfoto-2023-09-17-um-09.12.15-224x300.png 224w, https:\/\/www.hecht.de\/hechtnews\/wp-content\/uploads\/2023\/09\/Bildschirmfoto-2023-09-17-um-09.12.15-768x1027.png 768w, https:\/\/www.hecht.de\/hechtnews\/wp-content\/uploads\/2023\/09\/Bildschirmfoto-2023-09-17-um-09.12.15.png 992w\" sizes=\"(max-width: 766px) 100vw, 766px\" \/><figcaption class=\"blocks-gallery-item__caption\">Unser hecht Magazin <br>Herbst 2023<\/figcaption><\/figure><\/li><li class=\"blocks-gallery-item\"><figure><img loading=\"lazy\" width=\"758\" height=\"1024\" src=\"https:\/\/www.hecht.de\/hechtnews\/wp-content\/uploads\/2023\/04\/Bildschirmfoto-2023-04-16-um-19.39.11-758x1024.png\" alt=\"\" data-id=\"3100\" data-link=\"https:\/\/www.hecht.de\/hechtnews\/2024\/11\/13\/oeffnungszeiten\/bildschirmfoto-2023-04-16-um-19-39-11\/\" class=\"wp-image-3100\" srcset=\"https:\/\/www.hecht.de\/hechtnews\/wp-content\/uploads\/2023\/04\/Bildschirmfoto-2023-04-16-um-19.39.11-758x1024.png 758w, https:\/\/www.hecht.de\/hechtnews\/wp-content\/uploads\/2023\/04\/Bildschirmfoto-2023-04-16-um-19.39.11-222x300.png 222w, https:\/\/www.hecht.de\/hechtnews\/wp-content\/uploads\/2023\/04\/Bildschirmfoto-2023-04-16-um-19.39.11-768x1038.png 768w, https:\/\/www.hecht.de\/hechtnews\/wp-content\/uploads\/2023\/04\/Bildschirmfoto-2023-04-16-um-19.39.11.png 974w\" sizes=\"(max-width: 758px) 100vw, 758px\" \/><figcaption class=\"blocks-gallery-item__caption\">Unser hecht Magazin Fr\u00fchjahr 2023<\/figcaption><\/figure><\/li><li class=\"blocks-gallery-item\"><figure><img loading=\"lazy\" width=\"761\" height=\"1024\" src=\"https:\/\/www.hecht.de\/hechtnews\/wp-content\/uploads\/2022\/12\/IMG_8527-761x1024.jpeg\" alt=\"\" data-id=\"2987\" data-link=\"https:\/\/www.hecht.de\/hechtnews\/2024\/11\/13\/oeffnungszeiten\/img_8527\/\" class=\"wp-image-2987\" srcset=\"https:\/\/www.hecht.de\/hechtnews\/wp-content\/uploads\/2022\/12\/IMG_8527-761x1024.jpeg 761w, https:\/\/www.hecht.de\/hechtnews\/wp-content\/uploads\/2022\/12\/IMG_8527-223x300.jpeg 223w, https:\/\/www.hecht.de\/hechtnews\/wp-content\/uploads\/2022\/12\/IMG_8527-768x1033.jpeg 768w, https:\/\/www.hecht.de\/hechtnews\/wp-content\/uploads\/2022\/12\/IMG_8527-1142x1536.jpeg 1142w, https:\/\/www.hecht.de\/hechtnews\/wp-content\/uploads\/2022\/12\/IMG_8527-1522x2048.jpeg 1522w, https:\/\/www.hecht.de\/hechtnews\/wp-content\/uploads\/2022\/12\/IMG_8527-scaled.jpeg 1903w\" sizes=\"(max-width: 761px) 100vw, 761px\" \/><figcaption class=\"blocks-gallery-item__caption\">Unser hecht Magazin <br>Herbst 2022<\/figcaption><\/figure><\/li><li class=\"blocks-gallery-item\"><figure><img loading=\"lazy\" width=\"763\" height=\"1024\" src=\"https:\/\/www.hecht.de\/hechtnews\/wp-content\/uploads\/2021\/09\/Bildschirmfoto-2021-09-21-um-13.39.23-763x1024.png\" alt=\"\" data-id=\"2203\" data-link=\"https:\/\/www.hecht.de\/hechtnews\/2024\/11\/13\/oeffnungszeiten\/bildschirmfoto-2021-09-21-um-13-39-23\/\" class=\"wp-image-2203\" srcset=\"https:\/\/www.hecht.de\/hechtnews\/wp-content\/uploads\/2021\/09\/Bildschirmfoto-2021-09-21-um-13.39.23-763x1024.png 763w, https:\/\/www.hecht.de\/hechtnews\/wp-content\/uploads\/2021\/09\/Bildschirmfoto-2021-09-21-um-13.39.23-224x300.png 224w, https:\/\/www.hecht.de\/hechtnews\/wp-content\/uploads\/2021\/09\/Bildschirmfoto-2021-09-21-um-13.39.23-768x1030.png 768w, https:\/\/www.hecht.de\/hechtnews\/wp-content\/uploads\/2021\/09\/Bildschirmfoto-2021-09-21-um-13.39.23.png 978w\" sizes=\"(max-width: 763px) 100vw, 763px\" \/><figcaption class=\"blocks-gallery-item__caption\">Unser hecht Magazin <br>Herbst 2021<\/figcaption><\/figure><\/li><li class=\"blocks-gallery-item\"><figure><img loading=\"lazy\" width=\"830\" height=\"1024\" src=\"https:\/\/www.hecht.de\/hechtnews\/wp-content\/uploads\/2022\/01\/IMG_6441-830x1024.jpg\" alt=\"\" data-id=\"2365\" data-link=\"https:\/\/www.hecht.de\/hechtnews\/2024\/11\/13\/oeffnungszeiten\/img_6441\/\" class=\"wp-image-2365\" srcset=\"https:\/\/www.hecht.de\/hechtnews\/wp-content\/uploads\/2022\/01\/IMG_6441-830x1024.jpg 830w, https:\/\/www.hecht.de\/hechtnews\/wp-content\/uploads\/2022\/01\/IMG_6441-243x300.jpg 243w, https:\/\/www.hecht.de\/hechtnews\/wp-content\/uploads\/2022\/01\/IMG_6441-768x947.jpg 768w, https:\/\/www.hecht.de\/hechtnews\/wp-content\/uploads\/2022\/01\/IMG_6441.jpg 1241w\" sizes=\"(max-width: 830px) 100vw, 830px\" \/><figcaption class=\"blocks-gallery-item__caption\">Frank und Jochen Hecht<\/figcaption><\/figure><\/li><li class=\"blocks-gallery-item\"><figure><img loading=\"lazy\" width=\"759\" height=\"1024\" src=\"https:\/\/www.hecht.de\/hechtnews\/wp-content\/uploads\/2021\/04\/Bildschirmfoto-2021-04-23-um-13.17.49-759x1024.png\" alt=\"\" data-id=\"1977\" data-link=\"https:\/\/www.hecht.de\/hechtnews\/2024\/11\/13\/oeffnungszeiten\/bildschirmfoto-2021-04-23-um-13-17-49\/\" class=\"wp-image-1977\" srcset=\"https:\/\/www.hecht.de\/hechtnews\/wp-content\/uploads\/2021\/04\/Bildschirmfoto-2021-04-23-um-13.17.49-759x1024.png 759w, https:\/\/www.hecht.de\/hechtnews\/wp-content\/uploads\/2021\/04\/Bildschirmfoto-2021-04-23-um-13.17.49-222x300.png 222w, https:\/\/www.hecht.de\/hechtnews\/wp-content\/uploads\/2021\/04\/Bildschirmfoto-2021-04-23-um-13.17.49-768x1036.png 768w, https:\/\/www.hecht.de\/hechtnews\/wp-content\/uploads\/2021\/04\/Bildschirmfoto-2021-04-23-um-13.17.49.png 970w\" sizes=\"(max-width: 759px) 100vw, 759px\" \/><figcaption class=\"blocks-gallery-item__caption\">hecht einrichtungen T\u00fcbingen<\/figcaption><\/figure><\/li><li class=\"blocks-gallery-item\"><figure><img loading=\"lazy\" width=\"576\" height=\"1024\" src=\"https:\/\/www.hecht.de\/hechtnews\/wp-content\/uploads\/2024\/05\/AW-Instagram-Story-576x1024.png\" alt=\"\" data-id=\"3714\" data-link=\"https:\/\/www.hecht.de\/hechtnews\/2024\/11\/13\/oeffnungszeiten\/aw-instagram-story\/\" class=\"wp-image-3714\" srcset=\"https:\/\/www.hecht.de\/hechtnews\/wp-content\/uploads\/2024\/05\/AW-Instagram-Story-576x1024.png 576w, https:\/\/www.hecht.de\/hechtnews\/wp-content\/uploads\/2024\/05\/AW-Instagram-Story-169x300.png 169w, https:\/\/www.hecht.de\/hechtnews\/wp-content\/uploads\/2024\/05\/AW-Instagram-Story-768x1365.png 768w, https:\/\/www.hecht.de\/hechtnews\/wp-content\/uploads\/2024\/05\/AW-Instagram-Story-864x1536.png 864w, https:\/\/www.hecht.de\/hechtnews\/wp-content\/uploads\/2024\/05\/AW-Instagram-Story.png 1080w\" sizes=\"(max-width: 576px) 100vw, 576px\" \/><\/figure><\/li><li class=\"blocks-gallery-item\"><figure><img loading=\"lazy\" width=\"782\" height=\"1024\" src=\"https:\/\/www.hecht.de\/hechtnews\/wp-content\/uploads\/2021\/09\/leaf-floor-lamp-dark-green-halves-side-table-outline-sofa-steelcut-trio-713-twine-cushion-ply-rug-muuto-org-782x1024.jpg\" alt=\"\" data-id=\"2201\" data-link=\"https:\/\/www.hecht.de\/hechtnews\/2024\/11\/13\/oeffnungszeiten\/leaf-floor-lamp-dark-green-halves-side-table-outline-sofa-steelcut-trio-713-twine-cushion-ply-rug-muuto-org\/\" class=\"wp-image-2201\" srcset=\"https:\/\/www.hecht.de\/hechtnews\/wp-content\/uploads\/2021\/09\/leaf-floor-lamp-dark-green-halves-side-table-outline-sofa-steelcut-trio-713-twine-cushion-ply-rug-muuto-org-782x1024.jpg 782w, https:\/\/www.hecht.de\/hechtnews\/wp-content\/uploads\/2021\/09\/leaf-floor-lamp-dark-green-halves-side-table-outline-sofa-steelcut-trio-713-twine-cushion-ply-rug-muuto-org-229x300.jpg 229w, https:\/\/www.hecht.de\/hechtnews\/wp-content\/uploads\/2021\/09\/leaf-floor-lamp-dark-green-halves-side-table-outline-sofa-steelcut-trio-713-twine-cushion-ply-rug-muuto-org-768x1006.jpg 768w, https:\/\/www.hecht.de\/hechtnews\/wp-content\/uploads\/2021\/09\/leaf-floor-lamp-dark-green-halves-side-table-outline-sofa-steelcut-trio-713-twine-cushion-ply-rug-muuto-org-1173x1536.jpg 1173w, https:\/\/www.hecht.de\/hechtnews\/wp-content\/uploads\/2021\/09\/leaf-floor-lamp-dark-green-halves-side-table-outline-sofa-steelcut-trio-713-twine-cushion-ply-rug-muuto-org-1564x2048.jpg 1564w, https:\/\/www.hecht.de\/hechtnews\/wp-content\/uploads\/2021\/09\/leaf-floor-lamp-dark-green-halves-side-table-outline-sofa-steelcut-trio-713-twine-cushion-ply-rug-muuto-org-scaled.jpg 1954w\" sizes=\"(max-width: 782px) 100vw, 782px\" \/><figcaption class=\"blocks-gallery-item__caption\">muuto<\/figcaption><\/figure><\/li><li class=\"blocks-gallery-item\"><figure><img loading=\"lazy\" width=\"1024\" height=\"840\" src=\"https:\/\/www.hecht.de\/hechtnews\/wp-content\/uploads\/2021\/09\/Bildschirmfoto-2021-09-21-um-11.55.50-1024x840.png\" alt=\"\" data-id=\"2206\" data-link=\"https:\/\/www.hecht.de\/hechtnews\/2024\/11\/13\/oeffnungszeiten\/bildschirmfoto-2021-09-21-um-11-55-50\/\" class=\"wp-image-2206\" srcset=\"https:\/\/www.hecht.de\/hechtnews\/wp-content\/uploads\/2021\/09\/Bildschirmfoto-2021-09-21-um-11.55.50-1024x840.png 1024w, https:\/\/www.hecht.de\/hechtnews\/wp-content\/uploads\/2021\/09\/Bildschirmfoto-2021-09-21-um-11.55.50-300x246.png 300w, https:\/\/www.hecht.de\/hechtnews\/wp-content\/uploads\/2021\/09\/Bildschirmfoto-2021-09-21-um-11.55.50-768x630.png 768w, https:\/\/www.hecht.de\/hechtnews\/wp-content\/uploads\/2021\/09\/Bildschirmfoto-2021-09-21-um-11.55.50.png 1382w\" sizes=\"(max-width: 1024px) 100vw, 1024px\" \/><figcaption class=\"blocks-gallery-item__caption\">Interl\u00fcbke<\/figcaption><\/figure><\/li><li class=\"blocks-gallery-item\"><figure><img loading=\"lazy\" width=\"1024\" height=\"821\" src=\"https:\/\/www.hecht.de\/hechtnews\/wp-content\/uploads\/2021\/09\/Bildschirmfoto-2021-09-21-um-12.02.29-1024x821.png\" alt=\"\" data-id=\"2205\" data-link=\"https:\/\/www.hecht.de\/hechtnews\/2024\/11\/13\/oeffnungszeiten\/bildschirmfoto-2021-09-21-um-12-02-29\/\" class=\"wp-image-2205\" srcset=\"https:\/\/www.hecht.de\/hechtnews\/wp-content\/uploads\/2021\/09\/Bildschirmfoto-2021-09-21-um-12.02.29-1024x821.png 1024w, https:\/\/www.hecht.de\/hechtnews\/wp-content\/uploads\/2021\/09\/Bildschirmfoto-2021-09-21-um-12.02.29-300x241.png 300w, https:\/\/www.hecht.de\/hechtnews\/wp-content\/uploads\/2021\/09\/Bildschirmfoto-2021-09-21-um-12.02.29-768x616.png 768w, https:\/\/www.hecht.de\/hechtnews\/wp-content\/uploads\/2021\/09\/Bildschirmfoto-2021-09-21-um-12.02.29.png 1394w\" sizes=\"(max-width: 1024px) 100vw, 1024px\" \/><figcaption class=\"blocks-gallery-item__caption\">Interl\u00fcbke Schrank<\/figcaption><\/figure><\/li><li class=\"blocks-gallery-item\"><figure><img loading=\"lazy\" width=\"1024\" height=\"753\" src=\"https:\/\/www.hecht.de\/hechtnews\/wp-content\/uploads\/2022\/01\/Bildschirmfoto-2022-01-25-um-16.40.39-1024x753.png\" alt=\"\" data-id=\"2367\" data-link=\"https:\/\/www.hecht.de\/hechtnews\/2024\/11\/13\/oeffnungszeiten\/bildschirmfoto-2022-01-25-um-16-40-39\/\" class=\"wp-image-2367\" srcset=\"https:\/\/www.hecht.de\/hechtnews\/wp-content\/uploads\/2022\/01\/Bildschirmfoto-2022-01-25-um-16.40.39-1024x753.png 1024w, https:\/\/www.hecht.de\/hechtnews\/wp-content\/uploads\/2022\/01\/Bildschirmfoto-2022-01-25-um-16.40.39-300x221.png 300w, https:\/\/www.hecht.de\/hechtnews\/wp-content\/uploads\/2022\/01\/Bildschirmfoto-2022-01-25-um-16.40.39-768x565.png 768w, https:\/\/www.hecht.de\/hechtnews\/wp-content\/uploads\/2022\/01\/Bildschirmfoto-2022-01-25-um-16.40.39-1536x1130.png 1536w, https:\/\/www.hecht.de\/hechtnews\/wp-content\/uploads\/2022\/01\/Bildschirmfoto-2022-01-25-um-16.40.39.png 1740w\" sizes=\"(max-width: 1024px) 100vw, 1024px\" \/><figcaption class=\"blocks-gallery-item__caption\"><a href=\"http:\/\/www.hecht.de\" target=\"_blank\" rel=\"noreferrer noopener\">edra Sofa<\/a><\/figcaption><\/figure><\/li><li class=\"blocks-gallery-item\"><figure><img loading=\"lazy\" width=\"1024\" height=\"764\" src=\"https:\/\/www.hecht.de\/hechtnews\/wp-content\/uploads\/2022\/01\/string-system-museum-bedroom-wardrobe-2-1024x764.jpg\" alt=\"\" data-id=\"2372\" data-link=\"https:\/\/www.hecht.de\/hechtnews\/2024\/11\/13\/oeffnungszeiten\/string-system-museum-bedroom-wardrobe-2\/\" class=\"wp-image-2372\" srcset=\"https:\/\/www.hecht.de\/hechtnews\/wp-content\/uploads\/2022\/01\/string-system-museum-bedroom-wardrobe-2-1024x764.jpg 1024w, https:\/\/www.hecht.de\/hechtnews\/wp-content\/uploads\/2022\/01\/string-system-museum-bedroom-wardrobe-2-300x224.jpg 300w, https:\/\/www.hecht.de\/hechtnews\/wp-content\/uploads\/2022\/01\/string-system-museum-bedroom-wardrobe-2-768x573.jpg 768w, https:\/\/www.hecht.de\/hechtnews\/wp-content\/uploads\/2022\/01\/string-system-museum-bedroom-wardrobe-2-1536x1146.jpg 1536w, https:\/\/www.hecht.de\/hechtnews\/wp-content\/uploads\/2022\/01\/string-system-museum-bedroom-wardrobe-2-2048x1528.jpg 2048w\" sizes=\"(max-width: 1024px) 100vw, 1024px\" \/><figcaption class=\"blocks-gallery-item__caption\">Stringfurniture <\/figcaption><\/figure><\/li><li class=\"blocks-gallery-item\"><figure><img loading=\"lazy\" width=\"1024\" height=\"256\" src=\"https:\/\/www.hecht.de\/hechtnews\/wp-content\/uploads\/2025\/02\/Banner-4-zu1-2025_Einrichtungsha\u00a8user.pdf-1-1024x256.png\" alt=\"\" data-id=\"3999\" data-link=\"https:\/\/www.hecht.de\/hechtnews\/2024\/12\/31\/oeffnungszeiten\/banner-4-zu1-2025_einrichtungsha%c2%a8user-pdf-1\/\" class=\"wp-image-3999\" srcset=\"https:\/\/www.hecht.de\/hechtnews\/wp-content\/uploads\/2025\/02\/Banner-4-zu1-2025_Einrichtungsha\u00a8user.pdf-1-1024x256.png 1024w, https:\/\/www.hecht.de\/hechtnews\/wp-content\/uploads\/2025\/02\/Banner-4-zu1-2025_Einrichtungsha\u00a8user.pdf-1-300x75.png 300w, https:\/\/www.hecht.de\/hechtnews\/wp-content\/uploads\/2025\/02\/Banner-4-zu1-2025_Einrichtungsha\u00a8user.pdf-1-768x192.png 768w, https:\/\/www.hecht.de\/hechtnews\/wp-content\/uploads\/2025\/02\/Banner-4-zu1-2025_Einrichtungsha\u00a8user.pdf-1-1536x385.png 1536w, https:\/\/www.hecht.de\/hechtnews\/wp-content\/uploads\/2025\/02\/Banner-4-zu1-2025_Einrichtungsha\u00a8user.pdf-1.png 1713w\" sizes=\"(max-width: 1024px) 100vw, 1024px\" \/><\/figure><\/li><\/ul><\/figure>\n<\/div>\n<\/div>\n\n\n\n<p>Kontaktieren Sie uns, wir freuen uns auf Ihren Anruf, und auf ein Wiedersehen mit Ihnen.<\/p>\n\n\n\n<p><strong>zur\u00fcck zu <a href=\"http:\/\/www.hecht.de\" data-type=\"URL\" data-id=\"www.hecht.de\" target=\"_blank\" rel=\"noreferrer noopener\">hecht.de <\/a><\/strong><\/p>\n\n\n\n<p><strong>Unsere Anfahrt nach T\u00fcbingen:<\/strong><\/p>\n\n\n\n<p>Am einfachsten ist es, sich in ein Parkhaus zu begeben und durch die herrliche Altstadt T\u00fcbingens zu schlendern, direkt zu <a href=\"https:\/\/www.google.com\/maps\/place\/hecht+einrichtungen+-+Ihr+M\u00f6belhaus+in+T\u00fcbingen\/@48.5208231,9.0518516,661m\/data=!3m2!1e3!4b1!4m6!3m5!1s0x4799fad47a1906eb:0x850705b766e3c1bb!8m2!3d48.5208196!4d9.0544265!16s%2Fg%2F1tl4b_9k?hl=de&amp;entry=ttu&amp;g_ep=EgoyMDI0MTAxNC4wIKXMDSoASAFQAw%3D%3D\" data-type=\"URL\" data-id=\"https:\/\/www.google.com\/maps\/place\/hecht+einrichtungen+-+Ihr+M\u00f6belhaus+in+T\u00fcbingen\/@48.5208231,9.0518516,661m\/data=!3m2!1e3!4b1!4m6!3m5!1s0x4799fad47a1906eb:0x850705b766e3c1bb!8m2!3d48.5208196!4d9.0544265!16s%2Fg%2F1tl4b_9k?hl=de&amp;entry=ttu&amp;g_ep=EgoyMDI0MTAxNC4wIKXMDSoASAFQAw%3D%3D\" target=\"_blank\" rel=\"noreferrer noopener\">uns<\/a>. Hinweise zu den Parkh\u00e4usern <a rel=\"noreferrer noopener\" href=\"https:\/\/www.swtue.de\/parken.html\" data-type=\"URL\" data-id=\"https:\/\/www.swtue.de\/parken.html\" target=\"_blank\">hier <\/a><\/p>\n\n\n\n<p><strong>Ticketfreier Samstag im T\u00fcBus<\/strong><\/p>\n\n\n\n<p>Seit dem 10. Februar 2018 genie\u00dfen Sie jeden Samstag freie Fahrt mit dem T\u00fcBus \u2013 ganz ohne Ticket! Einfach einsteigen und losfahren.<\/p>\n\n\n\n<p><strong>Das Angebot gilt:<\/strong><\/p>\n\n\n\n<ul><li>Jeden Samstag von 0.00 Uhr bis Sonntag 5.00 Uhr<\/li><li>F\u00fcr alle T\u00fcBus-Linien im Stadtgebiet T\u00fcbingen (Preisstufe 11)<\/li><li>F\u00fcr alle T\u00fcBus-Nachtbuslinien (N88, N90\u2013N99) innerhalb des Stadtgebiets<\/li><li>Ab dem 05. Mai 2018: Auch f\u00fcr die Regionalbuslinien 826\/828 von\/nach Bebenhausen und die Ammertalbahn von\/nach Unterjesingen<\/li><li>F\u00fcr die Linien 18 und 19 gilt das Angebot in den T\u00fcbinger Abschnitten ab\/bis Hirschau bzw. B\u00fchl<\/li><\/ul>\n\n\n\n<p><strong>Wichtig zu beachten:<\/strong>&nbsp;F\u00fcr den Regionalverkehr \u00e4ndert sich nichts. Fahrg\u00e4ste, die au\u00dferhalb des Stadtgebiets unterwegs sind, wie z. B. aus Rottenburg, Dusslingen oder Gomaringen, ben\u00f6tigen weiterhin einen g\u00fcltigen naldo-Fahrschein.<\/p>\n\n\n\n<p><strong>Nutzen Sie den kostenlosen T\u00fcBus nicht nur zum Einkaufen!<\/strong>&nbsp;Ob f\u00fcr Veranstaltungen, Kinobesuche, einen gem\u00fctlichen Abend in Caf\u00e9 oder Kneipe \u2013 der T\u00fcBus bringt Sie kostenlos und bequem durch den Samstag.<\/p>\n\n\n\n<p>Alle Details finden Sie auf der <a rel=\"noreferrer noopener\" href=\"https:\/\/www.tuebus.de\/index.html\" data-type=\"URL\" data-id=\"https:\/\/www.tuebus.de\/index.html\" target=\"_blank\">Sonderseite der Stadtwerke T\u00fcbingen<\/a>.<\/p>\n\n\n\n<p><\/p>\n\n\n\n<p><strong>Die Anfahrt zu unserer <a href=\"http:\/\/www.designfabrik.de\" data-type=\"URL\" data-id=\"www.designfabrik.de\" target=\"_blank\" rel=\"noreferrer noopener\">hecht<\/a> designfabrik in <a rel=\"noreferrer noopener\" href=\"https:\/\/www.google.com\/maps\/place\/Hecht+Designfabrik+M\u00f6bel+%26+Lampen\/@48.5314122,9.1356416,1322m\/data=!3m3!1e3!4b1!5s0x4799efc434512c55:0xb108f698f8564dec!4m6!3m5!1s0x4799efc5cc445dcb:0xcd6879398433026b!8m2!3d48.5314087!4d9.1382165!16s%2Fg%2F1tq6cgbx?hl=de&amp;entry=ttu&amp;g_ep=EgoyMDI0MTAxNC4wIKXMDSoASAFQAw%3D%3D\" data-type=\"URL\" data-id=\"https:\/\/www.google.com\/maps\/place\/Hecht+Designfabrik+M\u00f6bel+%26+Lampen\/@48.5314122,9.1356416,1322m\/data=!3m3!1e3!4b1!5s0x4799efc434512c55:0xb108f698f8564dec!4m6!3m5!1s0x4799efc5cc445dcb:0xcd6879398433026b!8m2!3d48.5314087!4d9.1382165!16s%2Fg%2F1tq6cgbx?hl=de&amp;entry=ttu&amp;g_ep=EgoyMDI0MTAxNC4wIKXMDSoASAFQAw%3D%3D\" target=\"_blank\">Kirchentellinsfurt<\/a> ist denkbar einfach:<\/strong><\/p>\n\n\n\n<p>Von der B27 kommend nehmen Sie die Ausfahrt Kirchentellinsfurt, und fahren an der Tankstelle vorbei und nach der Kreuzung gleich scharf rechts rein in den Innenhof und schon stehen Sie quasi vor dem Eingang der Designfabrik. Hier k\u00f6nnen Sie kostenlos parkieren. <\/p>\n\n\n\n<figure class=\"wp-block-gallery columns-4 is-cropped\"><ul class=\"blocks-gallery-grid\"><li class=\"blocks-gallery-item\"><figure><img loading=\"lazy\" width=\"480\" height=\"640\" src=\"https:\/\/www.hecht.de\/hechtnews\/wp-content\/uploads\/2020\/10\/IMG_9149-rotated.jpg\" alt=\"\" data-id=\"1600\" data-link=\"https:\/\/www.hecht.de\/hechtnews\/2020\/10\/08\/occhio-in-neuem-finish\/img_9149\/\" class=\"wp-image-1600\" srcset=\"https:\/\/www.hecht.de\/hechtnews\/wp-content\/uploads\/2020\/10\/IMG_9149-rotated.jpg 480w, https:\/\/www.hecht.de\/hechtnews\/wp-content\/uploads\/2020\/10\/IMG_9149-225x300.jpg 225w\" sizes=\"(max-width: 480px) 100vw, 480px\" \/><figcaption class=\"blocks-gallery-item__caption\">occhio sfera<\/figcaption><\/figure><\/li><li class=\"blocks-gallery-item\"><figure><img loading=\"lazy\" width=\"768\" height=\"1024\" src=\"https:\/\/www.hecht.de\/hechtnews\/wp-content\/uploads\/2020\/04\/IMG_1486-768x1024.jpg\" alt=\"\" data-id=\"1660\" data-link=\"https:\/\/www.hecht.de\/hechtnews\/?attachment_id=1660\" class=\"wp-image-1660\" srcset=\"https:\/\/www.hecht.de\/hechtnews\/wp-content\/uploads\/2020\/04\/IMG_1486-768x1024.jpg 768w, https:\/\/www.hecht.de\/hechtnews\/wp-content\/uploads\/2020\/04\/IMG_1486-225x300.jpg 225w, https:\/\/www.hecht.de\/hechtnews\/wp-content\/uploads\/2020\/04\/IMG_1486-1152x1536.jpg 1152w, https:\/\/www.hecht.de\/hechtnews\/wp-content\/uploads\/2020\/04\/IMG_1486.jpg 1512w\" sizes=\"(max-width: 768px) 100vw, 768px\" \/><figcaption class=\"blocks-gallery-item__caption\">Gutschein mit HAY Kiste<\/figcaption><\/figure><\/li><li class=\"blocks-gallery-item\"><figure><img loading=\"lazy\" width=\"769\" height=\"1024\" src=\"https:\/\/www.hecht.de\/hechtnews\/wp-content\/uploads\/2020\/10\/Montana_Dresser_Campaign_1362_Juniper_Vanilla_Azure_H-1-769x1024.jpg\" alt=\"\" data-id=\"1584\" data-link=\"https:\/\/www.hecht.de\/hechtnews\/montana_dresser_campaign_1362_juniper_vanilla_azure_h-1\/\" class=\"wp-image-1584\" srcset=\"https:\/\/www.hecht.de\/hechtnews\/wp-content\/uploads\/2020\/10\/Montana_Dresser_Campaign_1362_Juniper_Vanilla_Azure_H-1-769x1024.jpg 769w, https:\/\/www.hecht.de\/hechtnews\/wp-content\/uploads\/2020\/10\/Montana_Dresser_Campaign_1362_Juniper_Vanilla_Azure_H-1-225x300.jpg 225w, https:\/\/www.hecht.de\/hechtnews\/wp-content\/uploads\/2020\/10\/Montana_Dresser_Campaign_1362_Juniper_Vanilla_Azure_H-1-768x1023.jpg 768w, https:\/\/www.hecht.de\/hechtnews\/wp-content\/uploads\/2020\/10\/Montana_Dresser_Campaign_1362_Juniper_Vanilla_Azure_H-1-1153x1536.jpg 1153w, https:\/\/www.hecht.de\/hechtnews\/wp-content\/uploads\/2020\/10\/Montana_Dresser_Campaign_1362_Juniper_Vanilla_Azure_H-1-1537x2048.jpg 1537w, https:\/\/www.hecht.de\/hechtnews\/wp-content\/uploads\/2020\/10\/Montana_Dresser_Campaign_1362_Juniper_Vanilla_Azure_H-1-scaled.jpg 1921w\" sizes=\"(max-width: 769px) 100vw, 769px\" \/><figcaption class=\"blocks-gallery-item__caption\">montanafurniture bei hecht<\/figcaption><\/figure><\/li><li class=\"blocks-gallery-item\"><figure><img loading=\"lazy\" width=\"749\" height=\"1024\" src=\"https:\/\/www.hecht.de\/hechtnews\/wp-content\/uploads\/2020\/12\/Bildschirmfoto-2020-12-19-um-12.11.56-749x1024.png\" alt=\"\" data-id=\"1704\" data-link=\"https:\/\/www.hecht.de\/hechtnews\/2020\/12\/31\/lampen-sofort-lieferbar\/bildschirmfoto-2020-12-19-um-12-11-56\/\" class=\"wp-image-1704\" srcset=\"https:\/\/www.hecht.de\/hechtnews\/wp-content\/uploads\/2020\/12\/Bildschirmfoto-2020-12-19-um-12.11.56-749x1024.png 749w, https:\/\/www.hecht.de\/hechtnews\/wp-content\/uploads\/2020\/12\/Bildschirmfoto-2020-12-19-um-12.11.56-220x300.png 220w, https:\/\/www.hecht.de\/hechtnews\/wp-content\/uploads\/2020\/12\/Bildschirmfoto-2020-12-19-um-12.11.56-768x1049.png 768w, https:\/\/www.hecht.de\/hechtnews\/wp-content\/uploads\/2020\/12\/Bildschirmfoto-2020-12-19-um-12.11.56.png 884w\" sizes=\"(max-width: 749px) 100vw, 749px\" \/><figcaption class=\"blocks-gallery-item__caption\">Louis Pulsen bei hecht<\/figcaption><\/figure><\/li><li class=\"blocks-gallery-item\"><figure><img loading=\"lazy\" width=\"765\" height=\"1024\" src=\"https:\/\/www.hecht.de\/hechtnews\/wp-content\/uploads\/2021\/12\/Bildschirmfoto-2021-12-14-um-13.11.30-765x1024.png\" alt=\"\" data-id=\"2327\" data-link=\"https:\/\/www.hecht.de\/hechtnews\/?attachment_id=2327\" class=\"wp-image-2327\" srcset=\"https:\/\/www.hecht.de\/hechtnews\/wp-content\/uploads\/2021\/12\/Bildschirmfoto-2021-12-14-um-13.11.30-765x1024.png 765w, https:\/\/www.hecht.de\/hechtnews\/wp-content\/uploads\/2021\/12\/Bildschirmfoto-2021-12-14-um-13.11.30-224x300.png 224w, https:\/\/www.hecht.de\/hechtnews\/wp-content\/uploads\/2021\/12\/Bildschirmfoto-2021-12-14-um-13.11.30-768x1029.png 768w, https:\/\/www.hecht.de\/hechtnews\/wp-content\/uploads\/2021\/12\/Bildschirmfoto-2021-12-14-um-13.11.30.png 902w\" sizes=\"(max-width: 765px) 100vw, 765px\" \/><figcaption class=\"blocks-gallery-item__caption\">IP44 FIl Akku\/ Solarleuchte<\/figcaption><\/figure><\/li><li class=\"blocks-gallery-item\"><figure><img loading=\"lazy\" width=\"847\" height=\"1024\" src=\"https:\/\/www.hecht.de\/hechtnews\/wp-content\/uploads\/2021\/03\/Mags-Sofa-Flamiber-Cream-A5_Mags-9-Cushion-Vidar-913_Tapis-chestnut-and-blue-1-847x1024.jpg\" alt=\"\" data-id=\"1799\" data-link=\"https:\/\/www.hecht.de\/hechtnews\/2021\/03\/04\/oeffnungszeiten\/mags-sofa-flamiber-cream-a5_mags-9-cushion-vidar-913_tapis-chestnut-and-blue-1\/\" class=\"wp-image-1799\" srcset=\"https:\/\/www.hecht.de\/hechtnews\/wp-content\/uploads\/2021\/03\/Mags-Sofa-Flamiber-Cream-A5_Mags-9-Cushion-Vidar-913_Tapis-chestnut-and-blue-1-847x1024.jpg 847w, https:\/\/www.hecht.de\/hechtnews\/wp-content\/uploads\/2021\/03\/Mags-Sofa-Flamiber-Cream-A5_Mags-9-Cushion-Vidar-913_Tapis-chestnut-and-blue-1-248x300.jpg 248w, https:\/\/www.hecht.de\/hechtnews\/wp-content\/uploads\/2021\/03\/Mags-Sofa-Flamiber-Cream-A5_Mags-9-Cushion-Vidar-913_Tapis-chestnut-and-blue-1-768x928.jpg 768w, https:\/\/www.hecht.de\/hechtnews\/wp-content\/uploads\/2021\/03\/Mags-Sofa-Flamiber-Cream-A5_Mags-9-Cushion-Vidar-913_Tapis-chestnut-and-blue-1.jpg 887w\" sizes=\"(max-width: 847px) 100vw, 847px\" \/><figcaption class=\"blocks-gallery-item__caption\">Sofa Mags HAY<\/figcaption><\/figure><\/li><li class=\"blocks-gallery-item\"><figure><img loading=\"lazy\" width=\"778\" height=\"1024\" src=\"https:\/\/www.hecht.de\/hechtnews\/wp-content\/uploads\/2021\/12\/Bildschirmfoto-2021-12-14-um-13.12.40-778x1024.png\" alt=\"\" data-id=\"2328\" data-full-url=\"https:\/\/www.hecht.de\/hechtnews\/wp-content\/uploads\/2021\/12\/Bildschirmfoto-2021-12-14-um-13.12.40.png\" data-link=\"https:\/\/www.hecht.de\/hechtnews\/?attachment_id=2328\" class=\"wp-image-2328\" srcset=\"https:\/\/www.hecht.de\/hechtnews\/wp-content\/uploads\/2021\/12\/Bildschirmfoto-2021-12-14-um-13.12.40-778x1024.png 778w, https:\/\/www.hecht.de\/hechtnews\/wp-content\/uploads\/2021\/12\/Bildschirmfoto-2021-12-14-um-13.12.40-228x300.png 228w, https:\/\/www.hecht.de\/hechtnews\/wp-content\/uploads\/2021\/12\/Bildschirmfoto-2021-12-14-um-13.12.40-768x1011.png 768w, https:\/\/www.hecht.de\/hechtnews\/wp-content\/uploads\/2021\/12\/Bildschirmfoto-2021-12-14-um-13.12.40.png 962w\" sizes=\"(max-width: 778px) 100vw, 778px\" \/><figcaption class=\"blocks-gallery-item__caption\">VETSAK Sofa bei hecht <\/figcaption><\/figure><\/li><li class=\"blocks-gallery-item\"><figure><img loading=\"lazy\" width=\"752\" height=\"1024\" src=\"https:\/\/www.hecht.de\/hechtnews\/wp-content\/uploads\/2020\/03\/USM-Haller_Sekret\u00e4r_1-752x1024.jpeg\" alt=\"\" data-id=\"1189\" data-link=\"https:\/\/www.hecht.de\/hechtnews\/2020\/03\/26\/sofort-lieferbar-usm-homeoffice-mit-stuhl-eames\/usm-haller_sekretaer_1\/\" class=\"wp-image-1189\" srcset=\"https:\/\/www.hecht.de\/hechtnews\/wp-content\/uploads\/2020\/03\/USM-Haller_Sekret\u00e4r_1-752x1024.jpeg 752w, https:\/\/www.hecht.de\/hechtnews\/wp-content\/uploads\/2020\/03\/USM-Haller_Sekret\u00e4r_1-220x300.jpeg 220w, https:\/\/www.hecht.de\/hechtnews\/wp-content\/uploads\/2020\/03\/USM-Haller_Sekret\u00e4r_1-768x1045.jpeg 768w\" sizes=\"(max-width: 752px) 100vw, 752px\" \/><figcaption class=\"blocks-gallery-item__caption\">USM Homeoffice<\/figcaption><\/figure><\/li><li class=\"blocks-gallery-item\"><figure><img loading=\"lazy\" width=\"768\" height=\"1024\" src=\"https:\/\/www.hecht.de\/hechtnews\/wp-content\/uploads\/2020\/03\/Situation-Sofa-768x1024.jpg\" alt=\"\" data-id=\"1142\" data-link=\"https:\/\/www.hecht.de\/hechtnews\/2020\/03\/24\/sofort-lieferbar-hecht-einrichtungen\/situation-sofa\/\" class=\"wp-image-1142\" srcset=\"https:\/\/www.hecht.de\/hechtnews\/wp-content\/uploads\/2020\/03\/Situation-Sofa-768x1024.jpg 768w, https:\/\/www.hecht.de\/hechtnews\/wp-content\/uploads\/2020\/03\/Situation-Sofa-225x300.jpg 225w\" sizes=\"(max-width: 768px) 100vw, 768px\" \/><figcaption class=\"blocks-gallery-item__caption\">occhio bei hecht<\/figcaption><\/figure><\/li><li class=\"blocks-gallery-item\"><figure><img loading=\"lazy\" width=\"768\" height=\"1024\" src=\"https:\/\/www.hecht.de\/hechtnews\/wp-content\/uploads\/2021\/12\/Bildschirmfoto-2021-12-14-um-13.09.59-768x1024.png\" alt=\"\" data-id=\"2326\" data-link=\"https:\/\/www.hecht.de\/hechtnews\/?attachment_id=2326\" class=\"wp-image-2326\" srcset=\"https:\/\/www.hecht.de\/hechtnews\/wp-content\/uploads\/2021\/12\/Bildschirmfoto-2021-12-14-um-13.09.59-768x1025.png 768w, https:\/\/www.hecht.de\/hechtnews\/wp-content\/uploads\/2021\/12\/Bildschirmfoto-2021-12-14-um-13.09.59-225x300.png 225w, https:\/\/www.hecht.de\/hechtnews\/wp-content\/uploads\/2021\/12\/Bildschirmfoto-2021-12-14-um-13.09.59.png 970w\" sizes=\"(max-width: 768px) 100vw, 768px\" \/><figcaption class=\"blocks-gallery-item__caption\">HAY Mags Sofa<\/figcaption><\/figure><\/li><li class=\"blocks-gallery-item\"><figure><img loading=\"lazy\" width=\"768\" height=\"1024\" src=\"https:\/\/www.hecht.de\/hechtnews\/wp-content\/uploads\/2021\/12\/5563751_Wire-Chair-DSR-Eames-Plastic-Armchair-RAR_v_fullbleed_1440x-768x1024.jpg\" alt=\"\" data-id=\"2322\" data-link=\"https:\/\/www.hecht.de\/hechtnews\/2021\/11\/26\/oeffnungszeiten\/5563751_wire-chair-dsr-eames-plastic-armchair-rar_v_fullbleed_1440x-2\/\" class=\"wp-image-2322\" srcset=\"https:\/\/www.hecht.de\/hechtnews\/wp-content\/uploads\/2021\/12\/5563751_Wire-Chair-DSR-Eames-Plastic-Armchair-RAR_v_fullbleed_1440x-768x1024.jpg 768w, https:\/\/www.hecht.de\/hechtnews\/wp-content\/uploads\/2021\/12\/5563751_Wire-Chair-DSR-Eames-Plastic-Armchair-RAR_v_fullbleed_1440x-225x300.jpg 225w, https:\/\/www.hecht.de\/hechtnews\/wp-content\/uploads\/2021\/12\/5563751_Wire-Chair-DSR-Eames-Plastic-Armchair-RAR_v_fullbleed_1440x-1152x1536.jpg 1152w, https:\/\/www.hecht.de\/hechtnews\/wp-content\/uploads\/2021\/12\/5563751_Wire-Chair-DSR-Eames-Plastic-Armchair-RAR_v_fullbleed_1440x.jpg 1440w\" sizes=\"(max-width: 768px) 100vw, 768px\" \/><figcaption class=\"blocks-gallery-item__caption\">Vitra Wire Chair bei hecht<\/figcaption><\/figure><\/li><li class=\"blocks-gallery-item\"><figure><img loading=\"lazy\" width=\"1024\" height=\"745\" src=\"https:\/\/www.hecht.de\/hechtnews\/wp-content\/uploads\/2021\/12\/5708383_HAL-Lounge-Chair-Lobby-2_v_fullbleed_1440x-1024x745.jpg\" alt=\"\" data-id=\"2323\" data-link=\"https:\/\/www.hecht.de\/hechtnews\/2021\/11\/26\/oeffnungszeiten\/5708383_hal-lounge-chair-lobby-2_v_fullbleed_1440x\/\" class=\"wp-image-2323\" srcset=\"https:\/\/www.hecht.de\/hechtnews\/wp-content\/uploads\/2021\/12\/5708383_HAL-Lounge-Chair-Lobby-2_v_fullbleed_1440x-1024x745.jpg 1024w, https:\/\/www.hecht.de\/hechtnews\/wp-content\/uploads\/2021\/12\/5708383_HAL-Lounge-Chair-Lobby-2_v_fullbleed_1440x-300x218.jpg 300w, https:\/\/www.hecht.de\/hechtnews\/wp-content\/uploads\/2021\/12\/5708383_HAL-Lounge-Chair-Lobby-2_v_fullbleed_1440x-768x559.jpg 768w, https:\/\/www.hecht.de\/hechtnews\/wp-content\/uploads\/2021\/12\/5708383_HAL-Lounge-Chair-Lobby-2_v_fullbleed_1440x.jpg 1440w\" sizes=\"(max-width: 1024px) 100vw, 1024px\" \/><figcaption class=\"blocks-gallery-item__caption\">HAL Lounge Chair von vitra<\/figcaption><\/figure><\/li><\/ul><\/figure>\n\n\n\n<p><strong>ERKL\u00c4RUNG ZUR BARRIEREFREIHEIT<\/strong><\/p>\n\n\n\n<p><strong>Allgemeine Beschreibung:<\/strong><\/p>\n\n\n\n<p><em>Unsere Website dient zur Bewerbung und Information zu unseren M\u00f6bel-Showrooms und gibt einen \u00dcberblick \u00fcber die von uns gef\u00fchrten Hersteller und Bereiche.&nbsp;<\/em><\/p>\n\n\n\n<p><strong>Information zum Anbieter gem. Art 246 EGBGB:&nbsp;<\/strong><\/p>\n\n\n\n<p><em>hecht einrichtungen GmbH, Collegiumsgasse 1, 72070 T\u00fcbingen, Tel: +49 7071 68877-0, <\/em><a href=\"mailto:info@hecht.de\"><em>info@hecht.de<\/em><\/a><\/p>\n\n\n\n<p><strong>Gesetzliche Anforderungen:<\/strong><\/p>\n\n\n\n<p>Die gesetzlichen Anforderungen ergeben sich aus dem Barrierefreiheitsst\u00e4rkungsgesetz (BFSG), insbesondere \u00a7 14 im Verbindung mit \u00a7 3 Abs. 1 BFSG unter Verweis auf die Verordnung zum Barrierefreiheitsst\u00e4rkungsgesetz (BFSG).<\/p>\n\n\n\n<p><strong>Erf\u00fcllung der Barrierefreiheitsanforderungen:<\/strong><\/p>\n\n\n\n<p>Unsere Website ist gem\u00e4\u00df den Web Content Accessibility Guidelines (WCAG) Version 2.2 auf Level AA barrierefrei gestaltet, um sicherzustellen, dass unser Angebot f\u00fcr alle Menschen zug\u00e4nglich ist. Zu den Ma\u00dfnahmen geh\u00f6ren:<\/p>\n\n\n\n<p>Zugang und Sicherheit: Unsere Identifizierungs-, Authentifizierungs- und Sicherheitsfunktionen sind so gestaltet, dass sie f\u00fcr alle Nutzer wahrnehmbar, bedienbar, verst\u00e4ndlich und robust sind. Dies umfasst benutzerfreundliche Anmeldemethoden und barrierefreie Zwei-Faktor-Authentifizierung.<\/p>\n\n\n\n<p>Funktionale Leistungskriterien: Wir bieten verschiedene Bedienungsformen, die sicherstellen, dass unsere Produkte und Dienstleistungen auch von Nutzern mit physischen, sensorischen oder kognitiven Einschr\u00e4nkungen verwendet werden k\u00f6nnen. Dazu geh\u00f6ren:<\/p>\n\n\n\n<ul><li>Visuelle Alternativen: Alle Inhalte sind ohne Farbunterscheidung zug\u00e4nglich und es gibt Textalternativen f\u00fcr Nutzer mit eingeschr\u00e4nktem Sehverm\u00f6gen.<\/li><li>Auditive Alternativen: Unsere Funktionen erfordern kein H\u00f6rverm\u00f6gen und bieten erweiterte Audiof\u00e4higkeiten f\u00fcr Nutzer mit H\u00f6rbeeintr\u00e4chtigungen.<\/li><li>Manuelle Interaktionsm\u00f6glichkeiten: Unsere digitalen Inhalte sind ohne feinmotorische Steuerung und ohne erhebliche Handmuskelkraft nutzbar.<\/li><li>Schutz vor visuellen Reizen: Wir vermeiden visuelle Stimulationen, die fotosensitive Anf\u00e4lle ausl\u00f6sen k\u00f6nnten.<\/li><li>Unterst\u00fctzung bei kognitiven Einschr\u00e4nkungen: Wir stellen sicher, dass Funktionen zur Unterst\u00fctzung kognitiver Einschr\u00e4nkungen angeboten werden, um die Nutzung so einfach wie m\u00f6glich zu gestalten.<\/li><li>Privatsph\u00e4re beim Einsatz von Barrierefreiheitsfunktionen: Alle eingesetzten Barrierefreiheitsfunktionen gew\u00e4hrleisten die Privatsph\u00e4re unserer Nutzer.<\/li><li>Durch regelm\u00e4\u00dfige \u00dcberpr\u00fcfungen und Anpassungen stellen wir sicher, dass unsere digitalen Angebote den gesetzlichen Anforderungen entsprechen und kontinuierlich verbessert werden, um eine hohe Zug\u00e4nglichkeit und Sicherheit f\u00fcr alle Nutzer zu gew\u00e4hrleisten.<\/li><\/ul>\n\n\n\n<p><strong>Nicht barrierefreie Inhalte:<\/strong><\/p>\n\n\n\n<p>Aufgrund der \u00dcberpr\u00fcfung ist die Website mit den zuvor genannten Anforderungen wegen der folgenden Ausnahmen nur teilweise erf\u00fclt:<\/p>\n\n\n\n<ul><li>Fehlende Alt-Texte<\/li><li>Fehlende Link-Beschreibungen<\/li><li>Links zum selben Ziel haben unterschiedliche Linktexte<\/li><li>Neue Tabs oder Fenster werden ohne Warnung ge\u00f6ffnet<\/li><li>Fokus Indikator fehlt<\/li><li>Nicht alle Inhalte sind mit Tastatur erreichbar<\/li><\/ul>\n\n\n\n<p>Wir arbeiten kontinuierlich daran, die digitale Barrierefreiheit zu verbessern und versuchen bis zum Ende des Jahres die zuvor genannten Ausnahmen zu \u00fcberarbeiten.<\/p>\n\n\n\n<p><strong>Feedback und Anfragen zur digitalen Barrierefreiheit:<\/strong><\/p>\n\n\n\n<p>Sie m\u00f6chten uns noch bestehende Barrieren mitteilen oder nicht barrierefreie Inhalte in einem barrierefreien Format anfordern? Sprechen Sie unsere verantwortlichen Kontaktpersonen an: Frank Hecht, Tel.: +49 (0) 7121 677688, Mail: frank\u00e4thecht.de<\/p>\n\n\n\n<p><strong>Zust\u00e4ndige Markt\u00fcberwachungsbeh\u00f6rde:<\/strong><em> Markt\u00fcberwachungsstelle der L\u00e4nder f\u00fcr die Barrierefreiheit von Produkten und Dienstleistungen Magdeburg, Sachsen-Anhalt.<\/em><\/p>\n","protected":false},"excerpt":{"rendered":"<p>\u00d6ffnungszeiten in T\u00fcbingen hecht einrichtungen Montag bis Freitag von 10\u00b0\u00b0 bis 18\u00b0\u00b0 Uhr Samstag von 10\u00b0\u00b0 bis 16\u00b0\u00b0 Uhr damit wir Ihnen die bestm\u00f6gliche Beratung und Planung f\u00fcr Ihre Lichtkonzepte und Wohnr\u00e4ume bieten k\u00f6nnen, bitten wir um vorherige Terminvereinbarung. Kontaktieren Sie uns bitte per E-Mail an info@hecht.de oder rufen Sie uns an unter 07071\/688770, um&hellip;<\/p>\n","protected":false},"author":2,"featured_media":4120,"comment_status":"closed","ping_status":"closed","sticky":true,"template":"","format":"standard","meta":[],"categories":[1],"tags":[91,78,10,19,27,31,11,12],"_links":{"self":[{"href":"https:\/\/www.hecht.de\/hechtnews\/wp-json\/wp\/v2\/posts\/1630"}],"collection":[{"href":"https:\/\/www.hecht.de\/hechtnews\/wp-json\/wp\/v2\/posts"}],"about":[{"href":"https:\/\/www.hecht.de\/hechtnews\/wp-json\/wp\/v2\/types\/post"}],"author":[{"embeddable":true,"href":"https:\/\/www.hecht.de\/hechtnews\/wp-json\/wp\/v2\/users\/2"}],"replies":[{"embeddable":true,"href":"https:\/\/www.hecht.de\/hechtnews\/wp-json\/wp\/v2\/comments?post=1630"}],"version-history":[{"count":286,"href":"https:\/\/www.hecht.de\/hechtnews\/wp-json\/wp\/v2\/posts\/1630\/revisions"}],"predecessor-version":[{"id":4230,"href":"https:\/\/www.hecht.de\/hechtnews\/wp-json\/wp\/v2\/posts\/1630\/revisions\/4230"}],"wp:featuredmedia":[{"embeddable":true,"href":"https:\/\/www.hecht.de\/hechtnews\/wp-json\/wp\/v2\/media\/4120"}],"wp:attachment":[{"href":"https:\/\/www.hecht.de\/hechtnews\/wp-json\/wp\/v2\/media?parent=1630"}],"wp:term":[{"taxonomy":"category","embeddable":true,"href":"https:\/\/www.hecht.de\/hechtnews\/wp-json\/wp\/v2\/categories?post=1630"},{"taxonomy":"post_tag","embeddable":true,"href":"https:\/\/www.hecht.de\/hechtnews\/wp-json\/wp\/v2\/tags?post=1630"}],"curies":[{"name":"wp","href":"https:\/\/api.w.org\/{rel}","templated":true}]}}