{"id":1280,"date":"2020-03-30T21:43:49","date_gmt":"2020-03-30T19:43:49","guid":{"rendered":"https:\/\/www.hecht.de\/hechtnews\/?p=1280"},"modified":"2020-03-30T21:48:41","modified_gmt":"2020-03-30T19:48:41","slug":"schramm-betten-bei-hecht","status":"publish","type":"post","link":"https:\/\/www.hecht.de\/hechtnews\/2020\/03\/30\/schramm-betten-bei-hecht\/","title":{"rendered":"Schramm Betten bei hecht"},"content":{"rendered":"\n<p>Auf den nachstehenden Fotos sehen Sie eines unserer Schramm Betten in unserer Ausstellung. Ideen f\u00fcr Ihr Schlafzimmer, gerne beraten wir Sie online, per Videoanruf, oder auch per Mail \u00fcber das wichtige Thema Schlafzimmer. Gerade in diesen Zeiten wichtig, sich wohl zu f\u00fchlen und einfach mal abschalten am Abend. Wir freuen uns auf Ihre <a href=\"info@hecht.de\">Mail<\/a> oder Anruf unter Tel 07071 688770. Im \u00fcbrigen ist das Bett auch sofort erh\u00e4ltlich auf Wunsch. <\/p>\n\n\n\n<ul class=\"wp-block-gallery columns-3 is-cropped\"><li class=\"blocks-gallery-item\"><figure><img loading=\"lazy\" width=\"825\" height=\"1024\" src=\"https:\/\/www.hecht.de\/hechtnews\/wp-content\/uploads\/2020\/03\/Bett-Pablo_Gesamtbildjpeg-825x1024.jpeg\" alt=\"\" data-id=\"1281\" data-link=\"https:\/\/www.hecht.de\/hechtnews\/?attachment_id=1281\" class=\"wp-image-1281\" srcset=\"https:\/\/www.hecht.de\/hechtnews\/wp-content\/uploads\/2020\/03\/Bett-Pablo_Gesamtbildjpeg-825x1024.jpeg 825w, https:\/\/www.hecht.de\/hechtnews\/wp-content\/uploads\/2020\/03\/Bett-Pablo_Gesamtbildjpeg-242x300.jpeg 242w, https:\/\/www.hecht.de\/hechtnews\/wp-content\/uploads\/2020\/03\/Bett-Pablo_Gesamtbildjpeg-768x953.jpeg 768w\" sizes=\"(max-width: 825px) 100vw, 825px\" \/><\/figure><\/li><li class=\"blocks-gallery-item\"><figure><img loading=\"lazy\" width=\"785\" height=\"1024\" src=\"https:\/\/www.hecht.de\/hechtnews\/wp-content\/uploads\/2020\/03\/Bett-Pablo_Nahaufnahme_2-785x1024.jpeg\" alt=\"\" data-id=\"1282\" data-link=\"https:\/\/www.hecht.de\/hechtnews\/?attachment_id=1282\" class=\"wp-image-1282\" srcset=\"https:\/\/www.hecht.de\/hechtnews\/wp-content\/uploads\/2020\/03\/Bett-Pablo_Nahaufnahme_2-785x1024.jpeg 785w, https:\/\/www.hecht.de\/hechtnews\/wp-content\/uploads\/2020\/03\/Bett-Pablo_Nahaufnahme_2-230x300.jpeg 230w, https:\/\/www.hecht.de\/hechtnews\/wp-content\/uploads\/2020\/03\/Bett-Pablo_Nahaufnahme_2-768x1002.jpeg 768w\" sizes=\"(max-width: 785px) 100vw, 785px\" \/><\/figure><\/li><li class=\"blocks-gallery-item\"><figure><img loading=\"lazy\" width=\"1024\" height=\"767\" src=\"https:\/\/www.hecht.de\/hechtnews\/wp-content\/uploads\/2020\/03\/Bett-Pablo_Nahaufnahme-1024x767.jpeg\" alt=\"\" data-id=\"1283\" data-link=\"https:\/\/www.hecht.de\/hechtnews\/?attachment_id=1283\" class=\"wp-image-1283\" srcset=\"https:\/\/www.hecht.de\/hechtnews\/wp-content\/uploads\/2020\/03\/Bett-Pablo_Nahaufnahme-1024x767.jpeg 1024w, https:\/\/www.hecht.de\/hechtnews\/wp-content\/uploads\/2020\/03\/Bett-Pablo_Nahaufnahme-300x225.jpeg 300w, https:\/\/www.hecht.de\/hechtnews\/wp-content\/uploads\/2020\/03\/Bett-Pablo_Nahaufnahme-768x576.jpeg 768w\" sizes=\"(max-width: 1024px) 100vw, 1024px\" \/><\/figure><\/li><li class=\"blocks-gallery-item\"><figure><img loading=\"lazy\" width=\"1024\" height=\"816\" src=\"https:\/\/www.hecht.de\/hechtnews\/wp-content\/uploads\/2020\/03\/Bett-Tablet-1-1024x816.jpeg\" alt=\"\" data-id=\"1284\" data-link=\"https:\/\/www.hecht.de\/hechtnews\/?attachment_id=1284\" class=\"wp-image-1284\" srcset=\"https:\/\/www.hecht.de\/hechtnews\/wp-content\/uploads\/2020\/03\/Bett-Tablet-1-1024x816.jpeg 1024w, https:\/\/www.hecht.de\/hechtnews\/wp-content\/uploads\/2020\/03\/Bett-Tablet-1-300x239.jpeg 300w, https:\/\/www.hecht.de\/hechtnews\/wp-content\/uploads\/2020\/03\/Bett-Tablet-1-768x612.jpeg 768w\" sizes=\"(max-width: 1024px) 100vw, 1024px\" \/><\/figure><\/li><\/ul>\n\n\n\n<p>Bett PABLO Basis 18 von Schramm, BTH 201 x 215 x 116 cm, Liegema\u00df BL 180 x 200 cm, Bezug Leo 360 #2, Schabracke Merlot 3, Untermatratze ohne Verstellung. Ausstellungsst\u00fcck \u20ac 5.988,-.<\/p>\n\n\n\n<p>Bettsystem Matratze Divina, 2x BTH 90 x 200 x 29 cm, Rezeptur 2&amp;3. Ausstellungsst\u00fcck \u20ac 6.990,-.<\/p>\n\n\n\n<p>Hocker PLOPP mini von Zieta, \u00d8 25 cm H 38 cm, wei\u00df, Stahl<\/p>\n\n\n\n<p>Stehleuchte CHAMELEDEON white floor L, \u00d8 17 cm H 171 cm, LED E 27, 18 W, 2700K, 900lm, dimmbar. Ausstellungsst\u00fcck \u20ac 399,-<\/p>\n\n\n\n<p>Stehleuchte CHAMELEDEON white floor M, \u00d8 13 cm H 139 cm, LED E 27, 18 W, 2700K, 900lm, dimmbar. Ausstellungsst\u00fcck \u20ac 369,-<\/p>\n\n\n\n<p>Kleiderst\u00e4nder SCIANGAI von zanotta, \u00d8 65 cm H 145 cm, schwarz lackiert. Ausstellungsst\u00fcck \u20ac 663,-<\/p>\n\n\n\n<p><strong>Alle Preise verstehen sich inkl. MwSt. <\/strong><\/p>\n","protected":false},"excerpt":{"rendered":"<p>Auf den nachstehenden Fotos sehen Sie eines unserer Schramm Betten in unserer Ausstellung. Ideen f\u00fcr Ihr Schlafzimmer, gerne beraten wir Sie online, per Videoanruf, oder auch per Mail \u00fcber das wichtige Thema Schlafzimmer. Gerade in diesen Zeiten wichtig, sich wohl zu f\u00fchlen und einfach mal abschalten am Abend. Wir freuen uns auf Ihre Mail oder&hellip;<\/p>\n","protected":false},"author":2,"featured_media":1281,"comment_status":"closed","ping_status":"closed","sticky":false,"template":"","format":"standard","meta":[],"categories":[160],"tags":[78,161,162,12],"_links":{"self":[{"href":"https:\/\/www.hecht.de\/hechtnews\/wp-json\/wp\/v2\/posts\/1280"}],"collection":[{"href":"https:\/\/www.hecht.de\/hechtnews\/wp-json\/wp\/v2\/posts"}],"about":[{"href":"https:\/\/www.hecht.de\/hechtnews\/wp-json\/wp\/v2\/types\/post"}],"author":[{"embeddable":true,"href":"https:\/\/www.hecht.de\/hechtnews\/wp-json\/wp\/v2\/users\/2"}],"replies":[{"embeddable":true,"href":"https:\/\/www.hecht.de\/hechtnews\/wp-json\/wp\/v2\/comments?post=1280"}],"version-history":[{"count":3,"href":"https:\/\/www.hecht.de\/hechtnews\/wp-json\/wp\/v2\/posts\/1280\/revisions"}],"predecessor-version":[{"id":1292,"href":"https:\/\/www.hecht.de\/hechtnews\/wp-json\/wp\/v2\/posts\/1280\/revisions\/1292"}],"wp:featuredmedia":[{"embeddable":true,"href":"https:\/\/www.hecht.de\/hechtnews\/wp-json\/wp\/v2\/media\/1281"}],"wp:attachment":[{"href":"https:\/\/www.hecht.de\/hechtnews\/wp-json\/wp\/v2\/media?parent=1280"}],"wp:term":[{"taxonomy":"category","embeddable":true,"href":"https:\/\/www.hecht.de\/hechtnews\/wp-json\/wp\/v2\/categories?post=1280"},{"taxonomy":"post_tag","embeddable":true,"href":"https:\/\/www.hecht.de\/hechtnews\/wp-json\/wp\/v2\/tags?post=1280"}],"curies":[{"name":"wp","href":"https:\/\/api.w.org\/{rel}","templated":true}]}}