{"id":1217,"date":"2020-03-26T20:45:41","date_gmt":"2020-03-26T19:45:41","guid":{"rendered":"https:\/\/www.hecht.de\/hechtnews\/?p=1217"},"modified":"2020-03-26T20:49:11","modified_gmt":"2020-03-26T19:49:11","slug":"homeoffice-mit-lambert","status":"publish","type":"post","link":"https:\/\/www.hecht.de\/hechtnews\/2020\/03\/26\/homeoffice-mit-lambert\/","title":{"rendered":"Homeoffice mit Lambert"},"content":{"rendered":"\n<p>Zweite Version eines Homeoffice Arbeitsplatzes in unserem Einrichtungshaus hecht. Die Kombination eines Stuhlklassikers von Cassina in Kernleder mit einem kleinen Sekret\u00e4r ergibt einen sch\u00f6nen Platz nicht nur f\u00fcr die t\u00e4gliche Post, sondern f\u00fcgt sich wunderbar in Ihrem Zuhause ein, ohne aufdringlich zu wirken. Kurzfristig lieferbar sind die abgebildeten Produkte und wir freuen uns auf Ihre <a href=\"info@hecht.de\">Mail<\/a> .<\/p>\n\n\n\n<p><\/p>\n\n\n\n<ul class=\"wp-block-gallery columns-3 is-cropped\"><li class=\"blocks-gallery-item\"><figure><img loading=\"lazy\" width=\"503\" height=\"1024\" src=\"https:\/\/www.hecht.de\/hechtnews\/wp-content\/uploads\/2020\/03\/Schminktisch_Harvey_1-503x1024.jpeg\" alt=\"\" data-id=\"1218\" data-link=\"https:\/\/www.hecht.de\/hechtnews\/?attachment_id=1218\" class=\"wp-image-1218\" srcset=\"https:\/\/www.hecht.de\/hechtnews\/wp-content\/uploads\/2020\/03\/Schminktisch_Harvey_1-503x1024.jpeg 503w, https:\/\/www.hecht.de\/hechtnews\/wp-content\/uploads\/2020\/03\/Schminktisch_Harvey_1-147x300.jpeg 147w, https:\/\/www.hecht.de\/hechtnews\/wp-content\/uploads\/2020\/03\/Schminktisch_Harvey_1-768x1564.jpeg 768w, https:\/\/www.hecht.de\/hechtnews\/wp-content\/uploads\/2020\/03\/Schminktisch_Harvey_1.jpeg 1828w\" sizes=\"(max-width: 503px) 100vw, 503px\" \/><\/figure><\/li><li class=\"blocks-gallery-item\"><figure><img loading=\"lazy\" width=\"704\" height=\"1024\" src=\"https:\/\/www.hecht.de\/hechtnews\/wp-content\/uploads\/2020\/03\/Schminktisch_Harvey_3-704x1024.jpeg\" alt=\"\" data-id=\"1219\" data-link=\"https:\/\/www.hecht.de\/hechtnews\/?attachment_id=1219\" class=\"wp-image-1219\" srcset=\"https:\/\/www.hecht.de\/hechtnews\/wp-content\/uploads\/2020\/03\/Schminktisch_Harvey_3-704x1024.jpeg 704w, https:\/\/www.hecht.de\/hechtnews\/wp-content\/uploads\/2020\/03\/Schminktisch_Harvey_3-206x300.jpeg 206w, https:\/\/www.hecht.de\/hechtnews\/wp-content\/uploads\/2020\/03\/Schminktisch_Harvey_3-768x1118.jpeg 768w\" sizes=\"(max-width: 704px) 100vw, 704px\" \/><\/figure><\/li><li class=\"blocks-gallery-item\"><figure><img loading=\"lazy\" width=\"569\" height=\"1024\" src=\"https:\/\/www.hecht.de\/hechtnews\/wp-content\/uploads\/2020\/03\/Schminktisch_Harvey_2-569x1024.jpeg\" alt=\"\" data-id=\"1220\" data-link=\"https:\/\/www.hecht.de\/hechtnews\/?attachment_id=1220\" class=\"wp-image-1220\" srcset=\"https:\/\/www.hecht.de\/hechtnews\/wp-content\/uploads\/2020\/03\/Schminktisch_Harvey_2-569x1024.jpeg 569w, https:\/\/www.hecht.de\/hechtnews\/wp-content\/uploads\/2020\/03\/Schminktisch_Harvey_2-167x300.jpeg 167w, https:\/\/www.hecht.de\/hechtnews\/wp-content\/uploads\/2020\/03\/Schminktisch_Harvey_2-768x1381.jpeg 768w, https:\/\/www.hecht.de\/hechtnews\/wp-content\/uploads\/2020\/03\/Schminktisch_Harvey_2.jpeg 1977w\" sizes=\"(max-width: 569px) 100vw, 569px\" \/><\/figure><\/li><\/ul>\n\n\n\n<p><strong>Laptop-\/Schminktisch HARVEY von Lambert<\/strong>, BTH 86 x 43 x 75\/89 cm, Eiche funiert, Teilmassiv gekalkt, Gestell schwarz pulverbeschichtet. Ausstellungsst\u00fcck \u20ac 1.349,-.<\/p>\n\n\n\n<p><strong>Stuhl CAB von cassina<\/strong>, BTH 52 x 49 x 82 cm SH 45 cm, Kernleder col. bry\u00e8reholz. Ausstellungsst\u00fcck \u20ac 1.166,-.<\/p>\n\n\n\n<p><strong>Leuchte PostKrisi CW21von Cattelani&amp;Smith<\/strong>, \u00d8 21 cm white, 2 x 1W LED, Ausstellungsst\u00fcck \u20ac 519,- &nbsp;<\/p>\n\n\n\n<p>Steinstatue Teracotta Army von DPI &nbsp;von , BHT 13 x 40 x 7,5 cm. Ausstellungsst\u00fcck \u20ac 59,50<\/p>\n","protected":false},"excerpt":{"rendered":"<p>Zweite Version eines Homeoffice Arbeitsplatzes in unserem Einrichtungshaus hecht. Die Kombination eines Stuhlklassikers von Cassina in Kernleder mit einem kleinen Sekret\u00e4r ergibt einen sch\u00f6nen Platz nicht nur f\u00fcr die t\u00e4gliche Post, sondern f\u00fcgt sich wunderbar in Ihrem Zuhause ein, ohne aufdringlich zu wirken. Kurzfristig lieferbar sind die abgebildeten Produkte und wir freuen uns auf Ihre&hellip;<\/p>\n","protected":false},"author":2,"featured_media":1218,"comment_status":"closed","ping_status":"closed","sticky":false,"template":"","format":"standard","meta":[],"categories":[110,147,130],"tags":[8,151],"_links":{"self":[{"href":"https:\/\/www.hecht.de\/hechtnews\/wp-json\/wp\/v2\/posts\/1217"}],"collection":[{"href":"https:\/\/www.hecht.de\/hechtnews\/wp-json\/wp\/v2\/posts"}],"about":[{"href":"https:\/\/www.hecht.de\/hechtnews\/wp-json\/wp\/v2\/types\/post"}],"author":[{"embeddable":true,"href":"https:\/\/www.hecht.de\/hechtnews\/wp-json\/wp\/v2\/users\/2"}],"replies":[{"embeddable":true,"href":"https:\/\/www.hecht.de\/hechtnews\/wp-json\/wp\/v2\/comments?post=1217"}],"version-history":[{"count":3,"href":"https:\/\/www.hecht.de\/hechtnews\/wp-json\/wp\/v2\/posts\/1217\/revisions"}],"predecessor-version":[{"id":1225,"href":"https:\/\/www.hecht.de\/hechtnews\/wp-json\/wp\/v2\/posts\/1217\/revisions\/1225"}],"wp:featuredmedia":[{"embeddable":true,"href":"https:\/\/www.hecht.de\/hechtnews\/wp-json\/wp\/v2\/media\/1218"}],"wp:attachment":[{"href":"https:\/\/www.hecht.de\/hechtnews\/wp-json\/wp\/v2\/media?parent=1217"}],"wp:term":[{"taxonomy":"category","embeddable":true,"href":"https:\/\/www.hecht.de\/hechtnews\/wp-json\/wp\/v2\/categories?post=1217"},{"taxonomy":"post_tag","embeddable":true,"href":"https:\/\/www.hecht.de\/hechtnews\/wp-json\/wp\/v2\/tags?post=1217"}],"curies":[{"name":"wp","href":"https:\/\/api.w.org\/{rel}","templated":true}]}}