{"id":1194,"date":"2020-03-26T15:43:27","date_gmt":"2020-03-26T14:43:27","guid":{"rendered":"https:\/\/www.hecht.de\/hechtnews\/?p=1194"},"modified":"2020-03-26T15:57:21","modified_gmt":"2020-03-26T14:57:21","slug":"sofa-gil-von-intertime","status":"publish","type":"post","link":"https:\/\/www.hecht.de\/hechtnews\/2020\/03\/26\/sofa-gil-von-intertime\/","title":{"rendered":"Sofa Gil von Intertime"},"content":{"rendered":"\n<p>Im ersten Stock unseres Hauses in T\u00fcbingen sehen Sie u.a. eine Sofakombination von Intertime mit drei kleinen, h\u00f6henverstellbaren, flexiblen Beistelltischen von Tecta.  Kurzfristig ist diese Kombination erh\u00e4ltlich. Wir beantworten gerne Ihre Fragen per Mail oder telefonisch unter 07071 688770.<\/p>\n\n\n\n<ul class=\"wp-block-gallery columns-3 is-cropped\"><li class=\"blocks-gallery-item\"><figure><img loading=\"lazy\" width=\"1024\" height=\"764\" src=\"https:\/\/www.hecht.de\/hechtnews\/wp-content\/uploads\/2020\/03\/Sofa_Gil_Gesamtbild-1024x764.jpeg\" alt=\"\" data-id=\"1195\" data-link=\"https:\/\/www.hecht.de\/hechtnews\/?attachment_id=1195\" class=\"wp-image-1195\" srcset=\"https:\/\/www.hecht.de\/hechtnews\/wp-content\/uploads\/2020\/03\/Sofa_Gil_Gesamtbild-1024x764.jpeg 1024w, https:\/\/www.hecht.de\/hechtnews\/wp-content\/uploads\/2020\/03\/Sofa_Gil_Gesamtbild-300x224.jpeg 300w, https:\/\/www.hecht.de\/hechtnews\/wp-content\/uploads\/2020\/03\/Sofa_Gil_Gesamtbild-768x573.jpeg 768w\" sizes=\"(max-width: 1024px) 100vw, 1024px\" \/><\/figure><\/li><li class=\"blocks-gallery-item\"><figure><img loading=\"lazy\" width=\"1024\" height=\"851\" src=\"https:\/\/www.hecht.de\/hechtnews\/wp-content\/uploads\/2020\/03\/Sofa_Gil_linke-Seite-1024x851.jpeg\" alt=\"\" data-id=\"1196\" data-link=\"https:\/\/www.hecht.de\/hechtnews\/?attachment_id=1196\" class=\"wp-image-1196\" srcset=\"https:\/\/www.hecht.de\/hechtnews\/wp-content\/uploads\/2020\/03\/Sofa_Gil_linke-Seite-1024x851.jpeg 1024w, https:\/\/www.hecht.de\/hechtnews\/wp-content\/uploads\/2020\/03\/Sofa_Gil_linke-Seite-300x249.jpeg 300w, https:\/\/www.hecht.de\/hechtnews\/wp-content\/uploads\/2020\/03\/Sofa_Gil_linke-Seite-768x638.jpeg 768w\" sizes=\"(max-width: 1024px) 100vw, 1024px\" \/><\/figure><\/li><li class=\"blocks-gallery-item\"><figure><img loading=\"lazy\" width=\"1024\" height=\"791\" src=\"https:\/\/www.hecht.de\/hechtnews\/wp-content\/uploads\/2020\/03\/Sofa_Gil_rechte-Seite-1024x791.jpeg\" alt=\"\" data-id=\"1197\" data-link=\"https:\/\/www.hecht.de\/hechtnews\/?attachment_id=1197\" class=\"wp-image-1197\" srcset=\"https:\/\/www.hecht.de\/hechtnews\/wp-content\/uploads\/2020\/03\/Sofa_Gil_rechte-Seite-1024x791.jpeg 1024w, https:\/\/www.hecht.de\/hechtnews\/wp-content\/uploads\/2020\/03\/Sofa_Gil_rechte-Seite-300x232.jpeg 300w, https:\/\/www.hecht.de\/hechtnews\/wp-content\/uploads\/2020\/03\/Sofa_Gil_rechte-Seite-768x593.jpeg 768w\" sizes=\"(max-width: 1024px) 100vw, 1024px\" \/><\/figure><\/li><\/ul>\n\n\n\n<p><strong>Sofa GIL von Intertime<\/strong>, BTH 102\/175 x 90\/180 x 82 cm SH 41 cm, Bezug Stoff Carla anthrazit, Flachstahlfu\u00df chrom glanz, inkl. R\u00fcckenkissen, Kopfst\u00fctze und Zierkissen. Ausstellungsst\u00fcck \u20ac 8.850,-.<\/p>\n\n\n\n<p><strong>Beistelltisch K 22L von Tecta<\/strong>, BTH 66 x 45 x 46-76 cm, h\u00e4henverstellbar, LACk Farbe schwarz\/taupe\/wei\u00df.&nbsp; Ausstellungsst\u00fcck \u20ac 395,-.<\/p>\n\n\n\n<p><strong>Stehleuchte MAYFAIR von vibia<\/strong>, \u00d8 30cm H 147 cm, Lack matt graphit, LED 1,6W\/2,4W, 2700K, dimmbar. Ausstellungsst\u00fcck \u20ac 836,-. Auch als Tischleuchte erh\u00e4ltlich.<\/p>\n","protected":false},"excerpt":{"rendered":"<p>Im ersten Stock unseres Hauses in T\u00fcbingen sehen Sie u.a. eine Sofakombination von Intertime mit drei kleinen, h\u00f6henverstellbaren, flexiblen Beistelltischen von Tecta. Kurzfristig ist diese Kombination erh\u00e4ltlich. Wir beantworten gerne Ihre Fragen per Mail oder telefonisch unter 07071 688770. Sofa GIL von Intertime, BTH 102\/175 x 90\/180 x 82 cm SH 41 cm, Bezug Stoff&hellip;<\/p>\n","protected":false},"author":2,"featured_media":1195,"comment_status":"closed","ping_status":"closed","sticky":false,"template":"","format":"standard","meta":[],"categories":[110,129],"tags":[78,149,150],"_links":{"self":[{"href":"https:\/\/www.hecht.de\/hechtnews\/wp-json\/wp\/v2\/posts\/1194"}],"collection":[{"href":"https:\/\/www.hecht.de\/hechtnews\/wp-json\/wp\/v2\/posts"}],"about":[{"href":"https:\/\/www.hecht.de\/hechtnews\/wp-json\/wp\/v2\/types\/post"}],"author":[{"embeddable":true,"href":"https:\/\/www.hecht.de\/hechtnews\/wp-json\/wp\/v2\/users\/2"}],"replies":[{"embeddable":true,"href":"https:\/\/www.hecht.de\/hechtnews\/wp-json\/wp\/v2\/comments?post=1194"}],"version-history":[{"count":3,"href":"https:\/\/www.hecht.de\/hechtnews\/wp-json\/wp\/v2\/posts\/1194\/revisions"}],"predecessor-version":[{"id":1209,"href":"https:\/\/www.hecht.de\/hechtnews\/wp-json\/wp\/v2\/posts\/1194\/revisions\/1209"}],"wp:featuredmedia":[{"embeddable":true,"href":"https:\/\/www.hecht.de\/hechtnews\/wp-json\/wp\/v2\/media\/1195"}],"wp:attachment":[{"href":"https:\/\/www.hecht.de\/hechtnews\/wp-json\/wp\/v2\/media?parent=1194"}],"wp:term":[{"taxonomy":"category","embeddable":true,"href":"https:\/\/www.hecht.de\/hechtnews\/wp-json\/wp\/v2\/categories?post=1194"},{"taxonomy":"post_tag","embeddable":true,"href":"https:\/\/www.hecht.de\/hechtnews\/wp-json\/wp\/v2\/tags?post=1194"}],"curies":[{"name":"wp","href":"https:\/\/api.w.org\/{rel}","templated":true}]}}